{"id":19996,"date":"2016-06-28T09:08:35","date_gmt":"2016-06-28T12:08:35","guid":{"rendered":"http:\/\/www.sincomam.org.br\/?p=19996"},"modified":"2016-06-28T09:08:35","modified_gmt":"2016-06-28T12:08:35","slug":"governo-quer-idade-minima-de-65-anos-para-aposentadoria","status":"publish","type":"post","link":"https:\/\/www.sincomam.org.br\/index.php\/governo-quer-idade-minima-de-65-anos-para-aposentadoria\/","title":{"rendered":"Governo quer idade m\u00ednima de 65 anos para aposentadoria"},"content":{"rendered":"<div data-template-placeholder=\"content-placeholder\">\n<p>A reforma da Previd\u00eancia\u00a0que o governo interino pretende propor incluir\u00e1 uma redu\u00e7\u00e3o na diferen\u00e7a de tempo de contribui\u00e7\u00e3o e idade para a aposentadoria de homens e mulheres\u00a0e o estabelecimento de uma idade m\u00ednima, que o governo planeja negociar para chegar a 65 anos, disseram \u00e0 Reuters nesta segunda-feira duas fontes palacianas.\u00a0<\/p>\n<p>O governo argumenta que a idade m\u00ednima para aposentadoria que se tem estudado mundialmente \u00e9 de 70 anos &#8211;apesar de nenhum pa\u00eds no mundo ter adotado uma idade superior a 67 anos. Setores do governo chegaram a usar esse n\u00famero, mas a avalia\u00e7\u00e3o no Planalto \u00e9 que n\u00e3o haveria condi\u00e7\u00f5es de se trabalhar essa idade m\u00ednima, mas 65 anos seria negoci\u00e1vel.\u00a0<\/p>\n<p>Ao mesmo tempo, o governo &#8211;que chegou a cogitar igualar idade e tempo de contribui\u00e7\u00e3o entre homens e mulheres&#8211; planeja propor uma redu\u00e7\u00e3o na diferen\u00e7a entre os g\u00eaneros.\u00a0<\/p>\n<p>Atualmente, mulheres se aposentam com 30 anos de contribui\u00e7\u00e3o, e os homens, com 35. Al\u00e9m disso, as mulheres podem solicitar aposentadoria por idade aos 60 anos e os homens, aos 65 anos.\u00a0<\/p>\n<p>Esse diferen\u00e7a cairia de cinco para tr\u00eas anos, um possibilidade que as centrais aceitam, mas que insistem em valer apenas para quem ainda vai entrar no mercado de trabalho.\u00a0<\/p>\n<p>O grupo de trabalho que estuda a reforma da previd\u00eancia, formado por representantes do governo e das centrais sindicais, se re\u00fane na ter\u00e7a-feira, mas o governo n\u00e3o ir\u00e1 apresentar uma pr\u00e9-proposta. Ser\u00e3o apresentadas apenas as linhas gerais do que o governo considera o m\u00ednimo que deve ser feito, enquanto as discuss\u00f5es devem focar nos pontos consensuais.\u00a0<\/p>\n<p>Al\u00e9m da diminui\u00e7\u00e3o da diferen\u00e7a entre g\u00eaneros e a fixa\u00e7\u00e3o de uma idade m\u00ednima para a aposentadoria, o m\u00ednimo tamb\u00e9m contempla um aumento no tempo de contribui\u00e7\u00e3o.<\/p>\n<p>\u201cIsso vai ser discutido em algum momento, tem que ser discutido. Mas n\u00e3o tem uma proposta para ser apresentada amanh\u00e3. O que vai se falar \u00e9 do que h\u00e1 consenso\u201d, disse uma das fontes palacianas.<\/p>\n<p>Por enquanto h\u00e1 consenso apenas sobre o aperto na fiscaliza\u00e7\u00e3o e na concess\u00e3o de certificados de filantropia a hospitais e institui\u00e7\u00f5es de ensino, al\u00e9m da venda de im\u00f3veis do INSS.\u00a0<\/p>\n<p>As duas propostas foram apresentadas pelas centrais. No primeiro caso, as centrais afirmam que apenas em 2015 a Uni\u00e3o deixou de receber 11 bilh\u00f5es de reais em desonera\u00e7\u00f5es \u2013 o que o governo considera superestimado. Sobre os im\u00f3veis, n\u00e3o foi feita uma estimativa.<\/p>\n<div><\/div>\n<\/div>\n","protected":false},"excerpt":{"rendered":"<p>A reforma da Previd\u00eancia\u00a0que o governo interino pretende propor incluir\u00e1 uma redu\u00e7\u00e3o na diferen\u00e7a de tempo de contribui\u00e7\u00e3o e idade para a aposentadoria de homens&#8230;<\/p>\n","protected":false},"author":1182,"featured_media":18019,"comment_status":"closed","ping_status":"closed","sticky":false,"template":"","format":"standard","meta":{"footnotes":""},"categories":[6],"tags":[],"class_list":["post-19996","post","type-post","status-publish","format-standard","has-post-thumbnail","hentry","category-noticias"],"_links":{"self":[{"href":"https:\/\/www.sincomam.org.br\/index.php\/wp-json\/wp\/v2\/posts\/19996","targetHints":{"allow":["GET"]}}],"collection":[{"href":"https:\/\/www.sincomam.org.br\/index.php\/wp-json\/wp\/v2\/posts"}],"about":[{"href":"https:\/\/www.sincomam.org.br\/index.php\/wp-json\/wp\/v2\/types\/post"}],"author":[{"embeddable":true,"href":"https:\/\/www.sincomam.org.br\/index.php\/wp-json\/wp\/v2\/users\/1182"}],"replies":[{"embeddable":true,"href":"https:\/\/www.sincomam.org.br\/index.php\/wp-json\/wp\/v2\/comments?post=19996"}],"version-history":[{"count":1,"href":"https:\/\/www.sincomam.org.br\/index.php\/wp-json\/wp\/v2\/posts\/19996\/revisions"}],"predecessor-version":[{"id":19997,"href":"https:\/\/www.sincomam.org.br\/index.php\/wp-json\/wp\/v2\/posts\/19996\/revisions\/19997"}],"wp:featuredmedia":[{"embeddable":true,"href":"https:\/\/www.sincomam.org.br\/index.php\/wp-json\/wp\/v2\/media\/18019"}],"wp:attachment":[{"href":"https:\/\/www.sincomam.org.br\/index.php\/wp-json\/wp\/v2\/media?parent=19996"}],"wp:term":[{"taxonomy":"category","embeddable":true,"href":"https:\/\/www.sincomam.org.br\/index.php\/wp-json\/wp\/v2\/categories?post=19996"},{"taxonomy":"post_tag","embeddable":true,"href":"https:\/\/www.sincomam.org.br\/index.php\/wp-json\/wp\/v2\/tags?post=19996"}],"curies":[{"name":"wp","href":"https:\/\/api.w.org\/{rel}","templated":true}]}}