{"id":19993,"date":"2016-06-28T09:06:46","date_gmt":"2016-06-28T12:06:46","guid":{"rendered":"http:\/\/www.sincomam.org.br\/?p=19993"},"modified":"2016-06-28T09:06:46","modified_gmt":"2016-06-28T12:06:46","slug":"ronaldo-fonseca-sera-o-relator-de-recurso-de-cunha-na-ccj","status":"publish","type":"post","link":"https:\/\/www.sincomam.org.br\/index.php\/ronaldo-fonseca-sera-o-relator-de-recurso-de-cunha-na-ccj\/","title":{"rendered":"Ronaldo Fonseca ser\u00e1 o relator de recurso de Cunha na CCJ"},"content":{"rendered":"<p>\u00a0deputado Ronaldo Fonseca (PROS-DF) foi escolhido hoje (27) para ser o relator do recurso de Eduardo Cunha\u00a0(PMDB-RJ) na Comiss\u00e3o de Constitui\u00e7\u00e3o e Justi\u00e7a (CCJ) questionando os procedimentos do Conselho de \u00c9tica que aprovou a cassa\u00e7\u00e3o do mandato do presidente afastado da C\u00e2mara\u00a0por 11 votos a 9.<\/p>\n<p>Fonseca foi escolhido pelo presidente do colegiado, Osmar Serraglio (PMDB-PR), e substituir\u00e1 o deputado Elmar Nascimento (DEM-BA), at\u00e9 ent\u00e3o relator dos recursos de Cunha na CCJ e que renunciou \u00e0 fun\u00e7\u00e3o no \u00faltimo dia 15.<\/p>\n<p>Fonseca ter\u00e1 at\u00e9 a pr\u00f3xima sexta-feira (1\u00ba) para apresentar o seu parecer sobre o recurso do presidente afastado da C\u00e2mara dos Deputados pedindo a nulidade do processo contra ele.<\/p>\n<p>O pedido foi entregue no \u00faltimo dia 23 e numerado pela Mesa Diretora da Casa na sexta-feira (24). Com isto, come\u00e7a a contar o prazo para que a CCJ decida, at\u00e9 dia 1\u00ba de julho, sobre o futuro pol\u00edtico de Cunha.<\/p>\n<p>Como h\u00e1 possibilidade de um pedido de vista, a conclus\u00e3o do processo pode se estender por mais dois dias \u00fateis levando a vota\u00e7\u00e3o definitiva para a semana seguinte.\u00a0<\/p>\n<p>A mat\u00e9ria, pelo tempo que tramita na Casa \u2013 mais de oito meses \u2013 tranca a pauta da comiss\u00e3o que j\u00e1 cancelou sess\u00f5es desta semana por n\u00e3o poder deliberar sobre outras propostas.<\/p>\n<p>Fonte: Exame<\/p>\n","protected":false},"excerpt":{"rendered":"<p>\u00a0deputado Ronaldo Fonseca (PROS-DF) foi escolhido hoje (27) para ser o relator do recurso de Eduardo Cunha\u00a0(PMDB-RJ) na Comiss\u00e3o de Constitui\u00e7\u00e3o e Justi\u00e7a (CCJ) questionando&#8230;<\/p>\n","protected":false},"author":1182,"featured_media":19994,"comment_status":"closed","ping_status":"closed","sticky":false,"template":"","format":"standard","meta":{"footnotes":""},"categories":[6],"tags":[],"class_list":["post-19993","post","type-post","status-publish","format-standard","has-post-thumbnail","hentry","category-noticias"],"_links":{"self":[{"href":"https:\/\/www.sincomam.org.br\/index.php\/wp-json\/wp\/v2\/posts\/19993","targetHints":{"allow":["GET"]}}],"collection":[{"href":"https:\/\/www.sincomam.org.br\/index.php\/wp-json\/wp\/v2\/posts"}],"about":[{"href":"https:\/\/www.sincomam.org.br\/index.php\/wp-json\/wp\/v2\/types\/post"}],"author":[{"embeddable":true,"href":"https:\/\/www.sincomam.org.br\/index.php\/wp-json\/wp\/v2\/users\/1182"}],"replies":[{"embeddable":true,"href":"https:\/\/www.sincomam.org.br\/index.php\/wp-json\/wp\/v2\/comments?post=19993"}],"version-history":[{"count":1,"href":"https:\/\/www.sincomam.org.br\/index.php\/wp-json\/wp\/v2\/posts\/19993\/revisions"}],"predecessor-version":[{"id":19995,"href":"https:\/\/www.sincomam.org.br\/index.php\/wp-json\/wp\/v2\/posts\/19993\/revisions\/19995"}],"wp:featuredmedia":[{"embeddable":true,"href":"https:\/\/www.sincomam.org.br\/index.php\/wp-json\/wp\/v2\/media\/19994"}],"wp:attachment":[{"href":"https:\/\/www.sincomam.org.br\/index.php\/wp-json\/wp\/v2\/media?parent=19993"}],"wp:term":[{"taxonomy":"category","embeddable":true,"href":"https:\/\/www.sincomam.org.br\/index.php\/wp-json\/wp\/v2\/categories?post=19993"},{"taxonomy":"post_tag","embeddable":true,"href":"https:\/\/www.sincomam.org.br\/index.php\/wp-json\/wp\/v2\/tags?post=19993"}],"curies":[{"name":"wp","href":"https:\/\/api.w.org\/{rel}","templated":true}]}}