{"id":19945,"date":"2016-06-23T08:42:19","date_gmt":"2016-06-23T11:42:19","guid":{"rendered":"http:\/\/www.sincomam.org.br\/?p=19945"},"modified":"2016-06-23T08:43:19","modified_gmt":"2016-06-23T11:43:19","slug":"apos-virar-reu-de-novo-no-stf-cunha-diz-que-sera-absolvido","status":"publish","type":"post","link":"https:\/\/www.sincomam.org.br\/index.php\/apos-virar-reu-de-novo-no-stf-cunha-diz-que-sera-absolvido\/","title":{"rendered":"Ap\u00f3s virar r\u00e9u de novo no STF, Cunha diz que ser\u00e1 absolvido"},"content":{"rendered":"<div data-template-placeholder=\"content-placeholder\">\n<p>Ap\u00f3s decis\u00e3o do Supremo Tribunal Federal (STF) de torn\u00e1-lo r\u00e9u pela segunda vez na Lava Jato, o deputado afastado Eduardo Cunha (PMDB-RJ), disse que respeita o posicionamento do Tribunal, mas que confia em sua absolvi\u00e7\u00e3o ao fim do processo.<\/p>\n<p>\u201cRespeito a decis\u00e3o e confio que, ao fim do julgamento do m\u00e9rito, serei absolvido\u201d, disse Cunha em nota divulgada em sua conta no Twitter.Por unanimidade, o Supremo abriu a\u00e7\u00e3o penal contra o parlamentar afastado pelo recebimento de R$ 5 milh\u00f5es de propina em contas n\u00e3o declaradas na Su\u00ed\u00e7a.<\/p>\n<p>O peemedebista vai responder pelos crimes de corrup\u00e7\u00e3o, lavagem de dinheiro e evas\u00e3o de divisas.Cunha, que tamb\u00e9m est\u00e1 afastado da presid\u00eancia da C\u00e2mara, reafirmou na nota o argumento usado por sua defesa de que truste n\u00e3o \u00e9 conta e disse que a tese ser\u00e1 comprovada ao longo da instru\u00e7\u00e3o probat\u00f3ria do processo.<\/p>\n<p>Apesar de dizer que respeita a decis\u00e3o da Corte, Cunha fez quest\u00e3o de manifestar \u201cinconformismo\u201d com o resultado, que, segundo ele, n\u00e3o levou em conta elementos apresentados por sua defesa.\u00a0<\/p>\n<p>\u201cRessalto ainda o meu inconformismo com a decis\u00e3o, dando como exemplo que a comprova\u00e7\u00e3o feita pela minha defesa de que uma suposta reuni\u00e3o com a Petrobras n\u00e3o existiu, foi ignorada e usada como parte da fundamenta\u00e7\u00e3o da aceita\u00e7\u00e3o da den\u00fancia\u201d, diz o texto.<\/p>\n<p>Fonte: Exame<\/p>\n<div><\/div>\n<\/div>\n","protected":false},"excerpt":{"rendered":"<p>Ap\u00f3s decis\u00e3o do Supremo Tribunal Federal (STF) de torn\u00e1-lo r\u00e9u pela segunda vez na Lava Jato, o deputado afastado Eduardo Cunha (PMDB-RJ), disse que respeita&#8230;<\/p>\n","protected":false},"author":1182,"featured_media":18249,"comment_status":"closed","ping_status":"closed","sticky":false,"template":"","format":"standard","meta":{"footnotes":""},"categories":[6],"tags":[],"class_list":["post-19945","post","type-post","status-publish","format-standard","has-post-thumbnail","hentry","category-noticias"],"_links":{"self":[{"href":"https:\/\/www.sincomam.org.br\/index.php\/wp-json\/wp\/v2\/posts\/19945","targetHints":{"allow":["GET"]}}],"collection":[{"href":"https:\/\/www.sincomam.org.br\/index.php\/wp-json\/wp\/v2\/posts"}],"about":[{"href":"https:\/\/www.sincomam.org.br\/index.php\/wp-json\/wp\/v2\/types\/post"}],"author":[{"embeddable":true,"href":"https:\/\/www.sincomam.org.br\/index.php\/wp-json\/wp\/v2\/users\/1182"}],"replies":[{"embeddable":true,"href":"https:\/\/www.sincomam.org.br\/index.php\/wp-json\/wp\/v2\/comments?post=19945"}],"version-history":[{"count":2,"href":"https:\/\/www.sincomam.org.br\/index.php\/wp-json\/wp\/v2\/posts\/19945\/revisions"}],"predecessor-version":[{"id":19947,"href":"https:\/\/www.sincomam.org.br\/index.php\/wp-json\/wp\/v2\/posts\/19945\/revisions\/19947"}],"wp:featuredmedia":[{"embeddable":true,"href":"https:\/\/www.sincomam.org.br\/index.php\/wp-json\/wp\/v2\/media\/18249"}],"wp:attachment":[{"href":"https:\/\/www.sincomam.org.br\/index.php\/wp-json\/wp\/v2\/media?parent=19945"}],"wp:term":[{"taxonomy":"category","embeddable":true,"href":"https:\/\/www.sincomam.org.br\/index.php\/wp-json\/wp\/v2\/categories?post=19945"},{"taxonomy":"post_tag","embeddable":true,"href":"https:\/\/www.sincomam.org.br\/index.php\/wp-json\/wp\/v2\/tags?post=19945"}],"curies":[{"name":"wp","href":"https:\/\/api.w.org\/{rel}","templated":true}]}}