{"id":19941,"date":"2016-06-23T08:38:30","date_gmt":"2016-06-23T11:38:30","guid":{"rendered":"http:\/\/www.sincomam.org.br\/?p=19941"},"modified":"2016-06-23T08:38:30","modified_gmt":"2016-06-23T11:38:30","slug":"governo-quer-encaminhar-propostas-para-reforma-trabalhista","status":"publish","type":"post","link":"https:\/\/www.sincomam.org.br\/index.php\/governo-quer-encaminhar-propostas-para-reforma-trabalhista\/","title":{"rendered":"Governo quer encaminhar propostas para reforma trabalhista"},"content":{"rendered":"<p>Al\u00e9m da reforma da Previd\u00eancia, o presidente em exerc\u00edcio Michel Temer tamb\u00e9m pretende encaminhar propostas para a reforma trabalhista.\u00a0<\/p>\n<p>H\u00e1 pelo menos dois pontos em exame, ambos pol\u00eamicos. O primeiro \u00e9 o trabalho terceirizado e o segundo, a possibilidade de acordos coletivos prevalecerem sobre a legisla\u00e7\u00e3o trabalhista.<\/p>\n<p>H\u00e1 um projeto de lei j\u00e1 aprovado pela C\u00e2mara dos Deputados e atualmente em exame no Senado, cuja principal inova\u00e7\u00e3o \u00e9 permitir a terceiriza\u00e7\u00e3o em todos os setores de uma empresa, o que n\u00e3o \u00e9 permitido atualmente.\u00a0<\/p>\n<p>J\u00e1 a preval\u00eancia do acordado sobre a legisla\u00e7\u00e3o \u00e9 um modelo utilizado na Alemanha e trazido \u00e0 discuss\u00e3o pelo governo em 2012, como proposta da Central \u00danica dos Trabalhadores (CUT).<\/p>\n<p>Fonte: Folha de SP<\/p>\n<div><\/div>\n","protected":false},"excerpt":{"rendered":"<p>Al\u00e9m da reforma da Previd\u00eancia, o presidente em exerc\u00edcio Michel Temer tamb\u00e9m pretende encaminhar propostas para a reforma trabalhista.\u00a0 H\u00e1 pelo menos dois pontos em&#8230;<\/p>\n","protected":false},"author":1182,"featured_media":17785,"comment_status":"closed","ping_status":"closed","sticky":false,"template":"","format":"standard","meta":{"footnotes":""},"categories":[6],"tags":[],"class_list":["post-19941","post","type-post","status-publish","format-standard","has-post-thumbnail","hentry","category-noticias"],"_links":{"self":[{"href":"https:\/\/www.sincomam.org.br\/index.php\/wp-json\/wp\/v2\/posts\/19941","targetHints":{"allow":["GET"]}}],"collection":[{"href":"https:\/\/www.sincomam.org.br\/index.php\/wp-json\/wp\/v2\/posts"}],"about":[{"href":"https:\/\/www.sincomam.org.br\/index.php\/wp-json\/wp\/v2\/types\/post"}],"author":[{"embeddable":true,"href":"https:\/\/www.sincomam.org.br\/index.php\/wp-json\/wp\/v2\/users\/1182"}],"replies":[{"embeddable":true,"href":"https:\/\/www.sincomam.org.br\/index.php\/wp-json\/wp\/v2\/comments?post=19941"}],"version-history":[{"count":1,"href":"https:\/\/www.sincomam.org.br\/index.php\/wp-json\/wp\/v2\/posts\/19941\/revisions"}],"predecessor-version":[{"id":19942,"href":"https:\/\/www.sincomam.org.br\/index.php\/wp-json\/wp\/v2\/posts\/19941\/revisions\/19942"}],"wp:featuredmedia":[{"embeddable":true,"href":"https:\/\/www.sincomam.org.br\/index.php\/wp-json\/wp\/v2\/media\/17785"}],"wp:attachment":[{"href":"https:\/\/www.sincomam.org.br\/index.php\/wp-json\/wp\/v2\/media?parent=19941"}],"wp:term":[{"taxonomy":"category","embeddable":true,"href":"https:\/\/www.sincomam.org.br\/index.php\/wp-json\/wp\/v2\/categories?post=19941"},{"taxonomy":"post_tag","embeddable":true,"href":"https:\/\/www.sincomam.org.br\/index.php\/wp-json\/wp\/v2\/tags?post=19941"}],"curies":[{"name":"wp","href":"https:\/\/api.w.org\/{rel}","templated":true}]}}