{"id":19937,"date":"2016-06-23T00:29:26","date_gmt":"2016-06-23T03:29:26","guid":{"rendered":"http:\/\/www.sincomam.org.br\/?p=19937"},"modified":"2016-06-23T08:31:50","modified_gmt":"2016-06-23T11:31:50","slug":"ministro-do-meio-ambiente-quer-desburocratizar-lei-ambiental","status":"publish","type":"post","link":"https:\/\/www.sincomam.org.br\/index.php\/ministro-do-meio-ambiente-quer-desburocratizar-lei-ambiental\/","title":{"rendered":"Ministro do Meio Ambiente quer desburocratizar lei ambiental"},"content":{"rendered":"<p>Diante de pelo menos 14 projetos de lei que tramitam no Congresso para simplificar o licenciamento ambiental<a href=\"http:\/\/www.exame.com.br\/topicos\/licencas-ambientais\" style=\"font-weight: bold;\">\u00a0<\/a>&#8211; que, em \u00faltima inst\u00e2ncia, acabam desmontando a lei ambiental no Brasil -, o ministro do\u00a0Meio Ambiente, Sarnxey Filho, decidiu apresentar uma proposta do governo federal. Em entrevista, ele explicou que a ideia \u00e9 desburocratizar o processo sem reduzir a prote\u00e7\u00e3o ao ambiente.<\/p>\n<p>Entre os pontos que devem constar do projeto est\u00e3o a cria\u00e7\u00e3o de prazos para que o \u00f3rg\u00e3o ambiental se manifeste sobre um determinado pedido, com risco de puni\u00e7\u00e3o se o prazo n\u00e3o for cumprido, e estudos de impacto conforme a localiza\u00e7\u00e3o e o tamanho do empreendimento.<\/p>\n<p>Ele disse ainda que pretende criar a figura da valida\u00e7\u00e3o ambiental estrat\u00e9gica.\u00a0<\/p>\n<p>&#8220;Por exemplo, um projeto de hidrel\u00e9trica vai ter de fazer estudo n\u00e3o s\u00f3 sobre ela, mas sobre o impacto que vai trazer em toda a bacia. Da\u00ed j\u00e1 vai ser poss\u00edvel dizer: aqui n\u00e3o pode construir hidrel\u00e9trica. A\u00ed n\u00e3o s\u00e3o perdidos dez anos fazendo o estudo, gastando dinheiro com consultor. J\u00e1 se fica sabendo de antem\u00e3o se pode ou n\u00e3o.&#8221;<\/p>\n<p><b>Quais s\u00e3o os principais desafios da gest\u00e3o ambiental hoje no Brasil?<\/b><\/p>\n<p>O nosso grande problema \u00e9 em rela\u00e7\u00e3o ao licenciamento ambiental, que se agrava porque tem muitas propostas de modifica\u00e7\u00e3o no Congresso.<\/p>\n<p>E a maioria delas, segundo o meu entendimento, n\u00e3o vai ao encontro da sustentabilidade. Pelo contr\u00e1rio, elas s\u00e3o um retrocesso em rela\u00e7\u00e3o ao arcabou\u00e7o jur\u00eddico que existe hoje.<\/p>\n<p><b>Qual \u00e9 o plano para evitar isso?<\/b><\/p>\n<p>J\u00e1 determinei que se fizesse uma discuss\u00e3o em torno de uma proposta de uma lei geral de licenciamento, que n\u00e3o temos hoje, para desburocratizar o processo, tentar dar rapidez \u00e0s delibera\u00e7\u00f5es, transpar\u00eancia absoluta em todas as etapas, com didatismo.\u00a0<\/p>\n<p>N\u00e3o \u00e9 s\u00f3 colocar uma lista de documentos requeridos na internet, mas permitir que a popula\u00e7\u00e3o que ser\u00e1 atingida direta ou indiretamente possa acompanhar o processo.\u00a0<\/p>\n<p>Tamb\u00e9m vamos corrigir algumas distor\u00e7\u00f5es. Por exemplo, n\u00e3o se pode exigir de um posto de gasolina o mesmo que se exige de uma refinaria.<\/p>\n<p>Ou de um propriet\u00e1rio que cria 50 porcos o mesmo de um que cria 500. Vamos tentar simplificar o licenciamento. Em alguns casos, vamos fazer dispensa, como para pequenas atividades para as quais n\u00e3o tem sentido fazer uma s\u00e9rie de exig\u00eancias como se faz hoje.\u00a0<\/p>\n<p>Temos de graduar, mas n\u00e3o vamos isentar nenhum segmento, nenhum setor. O que vamos ver \u00e9 por impacto, tamanho.\u00a0<\/p>\n<p>Estamos conversando com Minist\u00e9rio P\u00fablico, com Minist\u00e9rio da Agricultura, com CNI (Confedera\u00e7\u00e3o Nacional da Ind\u00fastria), com alguns deputados da frente ambientalista, da agropecu\u00e1ria.<\/p>\n<p><b>Quando o senhor pretende apresentar o projeto ao Congresso?<\/b><\/p>\n<p>Acredito que no m\u00e1ximo em dez dias j\u00e1 estaremos com a proposta final. Mas n\u00e3o vamos atr\u00e1s da unanimidade, vamos tentar buscar o consenso poss\u00edvel.<\/p>\n<p><b>O que o j\u00e1 se pode adiantar?<\/b><\/p>\n<p>Na defini\u00e7\u00e3o do processo e da exigibilidade do EIA-Rima (estudo de impacto ambiental), vamos ponderar aspectos locacionais. Empreendimentos do mesmo tipo t\u00eam impactos distintos se s\u00e3o feitos na Grande S\u00e3o Paulo ou na Amaz\u00f4nia.<\/p>\n<p>A maioria das licen\u00e7as hoje \u00e9 feita pelos Estados. Vamos refor\u00e7ar isso. E fixar prazos m\u00e1ximos para o processo de licenciamento.<\/p>\n<p>Vamos dar um prazo para que seja estabelecida uma resposta. Se esse prazo n\u00e3o for cumprido, vamos responsabilizar os agentes por isso. Com isso esperamos que eles v\u00e3o ter muita disposi\u00e7\u00e3o para trabalhar no prazo.\u00a0<\/p>\n<p>Mas, se n\u00e3o cumprir o prazo, n\u00e3o quer dizer que o licenciamento seja automaticamente aprovado ou que essa etapa do licenciamento n\u00e3o precise ser cumprida. Tem de ser cumprida.<\/p>\n<p><b>Como acelerar o licenciamento sem retroceder na prote\u00e7\u00e3o?\u00a0<\/b><\/p>\n<p>Essa defini\u00e7\u00e3o do EIA conforme o local \u00e9 o principal ponto. Em geral, estudos desnecess\u00e1rios s\u00e3o requisitados, acabam sendo morosos, e a ideia \u00e9 acabar com isso.<\/p>\n<p>Uma coisa \u00e9 fazer num lugar onde haver\u00e1 um impacto forte \u00e0 biodiversidade, outra coisa \u00e9 fazer em ambiente urbano. E mais fundamental \u00e9 graduar as exig\u00eancias da licen\u00e7a conforme o impacto e o tamanho do empreendimento.\u00a0<\/p>\n<p>Outra coisa \u00e9 a institui\u00e7\u00e3o da avalia\u00e7\u00e3o ambiental estrat\u00e9gica. Isso \u00e9 uma novidade. Deve ser entendida como um conjunto de atividades que preveem, mensuram, qualificam a amplitude do impacto ambiental.\u00a0<\/p>\n<p>Por fim, tem a quest\u00e3o da transpar\u00eancia, da disponibilidade dos dados. Tem dupla fun\u00e7\u00e3o. Al\u00e9m de permitir o controle social sobre o licenciamento, o Minist\u00e9rio P\u00fablico poder\u00e1 acompanhar. E, se tiver d\u00favida, na hora j\u00e1 poder\u00e1 acionar.<\/p>\n<p><b>Falando em C\u00f3digo Florestal, o governo Dilma tinha concordado com a extens\u00e3o do prazo do Cadastro Ambiental Rural (CAR) em um ano, at\u00e9 maio do que ano vem, apenas para os pequenos propriet\u00e1rios. E agora o presidente interino, Michel Temer, estendeu para todo mundo at\u00e9 o fim de 2017. Isso tamb\u00e9m n\u00e3o \u00e9 um retrocesso?<\/b><\/p>\n<p>Se os pequenos conseguiram prorroga\u00e7\u00e3o, acho que n\u00e3o tinha por que, neste momento, n\u00e3o prorrogar o prazo tamb\u00e9m para os grandes. \u00c9 basicamente porque o CAR teve problemas na valida\u00e7\u00e3o.\u00a0<\/p>\n<p>Estamos nos dedicando a resolver isso. Mas \u00e9 um ano s\u00f3 e pronto, n\u00e3o tem mais prorroga\u00e7\u00e3o.<\/p>\n<p>Fonte: O Estado de S\u00e3o Paulo<\/p>\n","protected":false},"excerpt":{"rendered":"<p>Diante de pelo menos 14 projetos de lei que tramitam no Congresso para simplificar o licenciamento ambiental\u00a0&#8211; que, em \u00faltima inst\u00e2ncia, acabam desmontando a lei&#8230;<\/p>\n","protected":false},"author":1182,"featured_media":18705,"comment_status":"closed","ping_status":"closed","sticky":false,"template":"","format":"standard","meta":{"footnotes":""},"categories":[6],"tags":[],"class_list":["post-19937","post","type-post","status-publish","format-standard","has-post-thumbnail","hentry","category-noticias"],"_links":{"self":[{"href":"https:\/\/www.sincomam.org.br\/index.php\/wp-json\/wp\/v2\/posts\/19937","targetHints":{"allow":["GET"]}}],"collection":[{"href":"https:\/\/www.sincomam.org.br\/index.php\/wp-json\/wp\/v2\/posts"}],"about":[{"href":"https:\/\/www.sincomam.org.br\/index.php\/wp-json\/wp\/v2\/types\/post"}],"author":[{"embeddable":true,"href":"https:\/\/www.sincomam.org.br\/index.php\/wp-json\/wp\/v2\/users\/1182"}],"replies":[{"embeddable":true,"href":"https:\/\/www.sincomam.org.br\/index.php\/wp-json\/wp\/v2\/comments?post=19937"}],"version-history":[{"count":1,"href":"https:\/\/www.sincomam.org.br\/index.php\/wp-json\/wp\/v2\/posts\/19937\/revisions"}],"predecessor-version":[{"id":19938,"href":"https:\/\/www.sincomam.org.br\/index.php\/wp-json\/wp\/v2\/posts\/19937\/revisions\/19938"}],"wp:featuredmedia":[{"embeddable":true,"href":"https:\/\/www.sincomam.org.br\/index.php\/wp-json\/wp\/v2\/media\/18705"}],"wp:attachment":[{"href":"https:\/\/www.sincomam.org.br\/index.php\/wp-json\/wp\/v2\/media?parent=19937"}],"wp:term":[{"taxonomy":"category","embeddable":true,"href":"https:\/\/www.sincomam.org.br\/index.php\/wp-json\/wp\/v2\/categories?post=19937"},{"taxonomy":"post_tag","embeddable":true,"href":"https:\/\/www.sincomam.org.br\/index.php\/wp-json\/wp\/v2\/tags?post=19937"}],"curies":[{"name":"wp","href":"https:\/\/api.w.org\/{rel}","templated":true}]}}