{"id":19917,"date":"2016-06-21T09:15:11","date_gmt":"2016-06-21T12:15:11","guid":{"rendered":"http:\/\/www.sincomam.org.br\/?p=19917"},"modified":"2016-06-21T09:15:23","modified_gmt":"2016-06-21T12:15:23","slug":"governo-retira-de-mp-das-aereas-taxa-de-conexao","status":"publish","type":"post","link":"https:\/\/www.sincomam.org.br\/index.php\/governo-retira-de-mp-das-aereas-taxa-de-conexao\/","title":{"rendered":"Governo retira MP das a\u00e9reas taxa de conex\u00e3o"},"content":{"rendered":"<p>Em acordo para acabar com a obstru\u00e7\u00e3o do PT na vota\u00e7\u00e3o da C\u00e2mara, o governo Michel Temer aceitou nesta segunda-feira retirar da medida provis\u00f3ria 714, que aumenta o limite de capital estrangeiro nas companhias a\u00e9reas, o trecho que previa a cria\u00e7\u00e3o da chamada &#8220;taxa de conex\u00e3o&#8221; para voos que operam no Pa\u00eds.<\/p>\n<p>Por meio do acordo, l\u00edderes partid\u00e1rios tamb\u00e9m decidiram s\u00f3 votar a medida provis\u00f3ria nesta ter\u00e7a-feira, 21. Nesta segunda-feira, deputados federais apenas discutem o m\u00e9rito da mat\u00e9ria. Pelo acordado, o plen\u00e1rio seguir\u00e1 para a etapa de vota\u00e7\u00e3o da proposta no in\u00edcio da sess\u00e3o de amanh\u00e3. A mat\u00e9ria ainda precisa ser analisada pelo Senado.<\/p>\n<p>A MP 714 foi editada pelo governo da presidente afastada Dilma Rousseff no come\u00e7o de mar\u00e7o deste ano e tem o objetivo de salvar parte do setor a\u00e9reo brasileiro que tem apresentado seguidos resultados negativos e por isso, vem reduzindo suas malhas de voos nos \u00faltimos meses.<\/p>\n<p>A medida autoriza o aumento do capital estrangeiro nas companhias a\u00e9reas de um limite de 20% para at\u00e9 49%. A proposta permite ainda que uma companhia internacional detenha at\u00e9 a totalidade do capital de uma a\u00e9rea no Pa\u00eds, desde que o Brasil tenha um acordo de reciprocidade com o pa\u00eds dessa matriz.<\/p>\n<p>A MP cria tamb\u00e9m as chamadas Linhas Pioneiras, que dever\u00e3o ser exploradas com exclusividade por operadoras regionais por um per\u00edodo de dez anos. O objetivo \u00e9 oferecer voos regulares em rotas com pouco tr\u00e1fego a\u00e9reo que n\u00e3o estejam sendo atendidas comercialmente. Nessas Linhas Pioneiras, n\u00e3o poder\u00e3o ser dados subs\u00eddios \u00e0s empresas pelo governo.<\/p>\n<p>A medida provis\u00f3ria ainda extingue, a partir de 1\u00ba de janeiro de 2017, o adicional de tarifa aeroportu\u00e1ria cobrada das empresas para compor o Fundo Nacional de Avia\u00e7\u00e3o Civil (Fnac). Na pr\u00e1tica, o valor do chamado Ataero ser\u00e1 incorporado \u00e0s tarifas.<\/p>\n<p>No caso dos aeroportos privatizados, os concession\u00e1rios devolver\u00e3o o valor adicional como outorga, que ser\u00e1 direcionado ao Fnac. Mas, no caso dos aeroportos da Infraero, os recursos ficar\u00e3o com a estatal.<\/p>\n<p>Fonte: O Estado de S\u00e3o Paulo<\/p>\n","protected":false},"excerpt":{"rendered":"<p>Em acordo para acabar com a obstru\u00e7\u00e3o do PT na vota\u00e7\u00e3o da C\u00e2mara, o governo Michel Temer aceitou nesta segunda-feira retirar da medida provis\u00f3ria 714,&#8230;<\/p>\n","protected":false},"author":1182,"featured_media":18070,"comment_status":"closed","ping_status":"closed","sticky":false,"template":"","format":"standard","meta":{"footnotes":""},"categories":[6],"tags":[],"class_list":["post-19917","post","type-post","status-publish","format-standard","has-post-thumbnail","hentry","category-noticias"],"_links":{"self":[{"href":"https:\/\/www.sincomam.org.br\/index.php\/wp-json\/wp\/v2\/posts\/19917","targetHints":{"allow":["GET"]}}],"collection":[{"href":"https:\/\/www.sincomam.org.br\/index.php\/wp-json\/wp\/v2\/posts"}],"about":[{"href":"https:\/\/www.sincomam.org.br\/index.php\/wp-json\/wp\/v2\/types\/post"}],"author":[{"embeddable":true,"href":"https:\/\/www.sincomam.org.br\/index.php\/wp-json\/wp\/v2\/users\/1182"}],"replies":[{"embeddable":true,"href":"https:\/\/www.sincomam.org.br\/index.php\/wp-json\/wp\/v2\/comments?post=19917"}],"version-history":[{"count":2,"href":"https:\/\/www.sincomam.org.br\/index.php\/wp-json\/wp\/v2\/posts\/19917\/revisions"}],"predecessor-version":[{"id":19919,"href":"https:\/\/www.sincomam.org.br\/index.php\/wp-json\/wp\/v2\/posts\/19917\/revisions\/19919"}],"wp:featuredmedia":[{"embeddable":true,"href":"https:\/\/www.sincomam.org.br\/index.php\/wp-json\/wp\/v2\/media\/18070"}],"wp:attachment":[{"href":"https:\/\/www.sincomam.org.br\/index.php\/wp-json\/wp\/v2\/media?parent=19917"}],"wp:term":[{"taxonomy":"category","embeddable":true,"href":"https:\/\/www.sincomam.org.br\/index.php\/wp-json\/wp\/v2\/categories?post=19917"},{"taxonomy":"post_tag","embeddable":true,"href":"https:\/\/www.sincomam.org.br\/index.php\/wp-json\/wp\/v2\/tags?post=19917"}],"curies":[{"name":"wp","href":"https:\/\/api.w.org\/{rel}","templated":true}]}}