{"id":19915,"date":"2016-06-21T09:10:46","date_gmt":"2016-06-21T12:10:46","guid":{"rendered":"http:\/\/www.sincomam.org.br\/?p=19915"},"modified":"2016-06-21T09:13:20","modified_gmt":"2016-06-21T12:13:20","slug":"cunha-entra-com-habeas-corpus-para-poder-frequentar-camara","status":"publish","type":"post","link":"https:\/\/www.sincomam.org.br\/index.php\/cunha-entra-com-habeas-corpus-para-poder-frequentar-camara\/","title":{"rendered":"Cunha entra com habeas corpus para poder frequentar C\u00e2mara"},"content":{"rendered":"<p>A defesa do deputado afastado Eduardo Cunha\u00a0(PMDB-RJ) entrou com um habeas corpus no Supremo Tribunal Federal\u00a0para que o ministro Teori Zavascki, relator da Opera\u00e7\u00e3o Lava Jato na Corte, aprecie um recurso que autoriza o peemedebista a voltar a frequentar a C\u00e2mara.<\/p>\n<p>Na pe\u00e7a, os advogados de Cunha sustentam que a demora de Teori para decidir se o parlamentar pode ou n\u00e3o frequentar a Casa j\u00e1 trouxe preju\u00edzos \u00e0 defesa dele no processo de cassa\u00e7\u00e3o. Eles argumentam que, num julgamento pol\u00edtico, como \u00e9 o caso, \u00e9 natural que o acusado dialogue com os colegas para tentar convenc\u00ea-los de que \u00e9 inocente e que isso n\u00e3o configura atividade parlamentar.<\/p>\n<p>&#8220;Com efeito, o que se roga aqui \u00e9 o direito do ora paciente de ter suas peti\u00e7\u00f5es apreciadas pelo eminente Ministro Teori Zavascki a tempo deste poder exercer sua autodefesa perante a C\u00e2mara dos Deputados&#8221;, argumenta a defesa. No documento, os advogados tamb\u00e9m ressaltam &#8220;o respeito e a admira\u00e7\u00e3o&#8221; que tem por Teori e afirmam saber que ele est\u00e1 sobrecarregado por conta dos processos da Lava Jato, mas que o fato de a Comiss\u00e3o de \u00c9tica da C\u00e2mara ter aprovado o parecer favor\u00e1vel \u00e0 cassa\u00e7\u00e3o, tornava a quest\u00e3o urgente.<\/p>\n<p>Ap\u00f3s anunciar que voltaria a frequentar a C\u00e2mara, Cunha foi desaconselhado por seus advogados, que afirmaram que a atitude poderia ser vista como uma afronta \u00e0 decis\u00e3o do Supremo de afast\u00e1-lo do cargo. Para evitar algum tipo de problema, a defesa do peemedebista entrou com um pedido no STF para que ele pudesse ir ao seu gabinete, exercer atividades partid\u00e1rias. O recurso, por\u00e9m, ainda n\u00e3o foi analisado por Teori.<\/p>\n<p>No pedido de pris\u00e3o contra Cunha que enviou ao STF, o procurador-geral da Rep\u00fablica, Rodrigo Janot, j\u00e1 afirmou entender que o peemedebista n\u00e3o tem esse direito. No STF, j\u00e1 h\u00e1 o entendimento de que n\u00e3o cabe habeas corpus contra decis\u00e3o de ministro. Ainda n\u00e3o foi designado um relator para a a\u00e7\u00e3o.<\/p>\n<p>Fonte: Folha de S\u00e3o Paulo<\/p>\n","protected":false},"excerpt":{"rendered":"<p>A defesa do deputado afastado Eduardo Cunha\u00a0(PMDB-RJ) entrou com um habeas corpus no Supremo Tribunal Federal\u00a0para que o ministro Teori Zavascki, relator da Opera\u00e7\u00e3o Lava&#8230;<\/p>\n","protected":false},"author":1182,"featured_media":18249,"comment_status":"closed","ping_status":"closed","sticky":false,"template":"","format":"standard","meta":{"footnotes":""},"categories":[6],"tags":[],"class_list":["post-19915","post","type-post","status-publish","format-standard","has-post-thumbnail","hentry","category-noticias"],"_links":{"self":[{"href":"https:\/\/www.sincomam.org.br\/index.php\/wp-json\/wp\/v2\/posts\/19915","targetHints":{"allow":["GET"]}}],"collection":[{"href":"https:\/\/www.sincomam.org.br\/index.php\/wp-json\/wp\/v2\/posts"}],"about":[{"href":"https:\/\/www.sincomam.org.br\/index.php\/wp-json\/wp\/v2\/types\/post"}],"author":[{"embeddable":true,"href":"https:\/\/www.sincomam.org.br\/index.php\/wp-json\/wp\/v2\/users\/1182"}],"replies":[{"embeddable":true,"href":"https:\/\/www.sincomam.org.br\/index.php\/wp-json\/wp\/v2\/comments?post=19915"}],"version-history":[{"count":1,"href":"https:\/\/www.sincomam.org.br\/index.php\/wp-json\/wp\/v2\/posts\/19915\/revisions"}],"predecessor-version":[{"id":19916,"href":"https:\/\/www.sincomam.org.br\/index.php\/wp-json\/wp\/v2\/posts\/19915\/revisions\/19916"}],"wp:featuredmedia":[{"embeddable":true,"href":"https:\/\/www.sincomam.org.br\/index.php\/wp-json\/wp\/v2\/media\/18249"}],"wp:attachment":[{"href":"https:\/\/www.sincomam.org.br\/index.php\/wp-json\/wp\/v2\/media?parent=19915"}],"wp:term":[{"taxonomy":"category","embeddable":true,"href":"https:\/\/www.sincomam.org.br\/index.php\/wp-json\/wp\/v2\/categories?post=19915"},{"taxonomy":"post_tag","embeddable":true,"href":"https:\/\/www.sincomam.org.br\/index.php\/wp-json\/wp\/v2\/tags?post=19915"}],"curies":[{"name":"wp","href":"https:\/\/api.w.org\/{rel}","templated":true}]}}