{"id":19907,"date":"2016-06-21T09:06:19","date_gmt":"2016-06-21T12:06:19","guid":{"rendered":"http:\/\/www.sincomam.org.br\/?p=19907"},"modified":"2016-06-21T09:06:19","modified_gmt":"2016-06-21T12:06:19","slug":"governo-estuda-liberar-r3-bi-para-socorro-financeiro-ao-rio","status":"publish","type":"post","link":"https:\/\/www.sincomam.org.br\/index.php\/governo-estuda-liberar-r3-bi-para-socorro-financeiro-ao-rio\/","title":{"rendered":"Governo estuda liberar R$3 bi para socorro financeiro ao Rio"},"content":{"rendered":"<p>Ap\u00f3s reuni\u00e3o com o governador em exerc\u00edcio do Rio de Janeiro, Francisco Dornelles, o Pal\u00e1cio do Planalto sinalizou a disposi\u00e7\u00e3o de liberar cerca de R$ 3 bilh\u00f5es para o estado, que decretou estado de calamidade p\u00fablica na \u00faltima sexta-feira (17), em virtude da crise financeira.<\/p>\n<p>Logo depois da reuni\u00e3o com os governadores em que foi selado o acordo para alongamento da d\u00edvida dos estados com a Uni\u00e3o, Dornelles reuniu-se hoje (20) com o presidente interino da Rep\u00fablica, Michel Temer, e com o ministro da Fazenda, Henrique Meirelles, para tratar da crise econ\u00f4mica do estado a 46 dias do in\u00edcio dos Jogos Ol\u00edmpicos.<\/p>\n<p>O Planalto ainda estuda os mecanismos para libera\u00e7\u00e3o do socorro ao Rio de Janeiro, que tem atrasado pagamento de servidores e estima fechar o ano com d\u00e9ficit de R$ 19 bilh\u00f5es.<\/p>\n<p>Ap\u00f3s anunciar o acordo com os estados para o pagamento da d\u00edvida com a Uni\u00e3o, Meirelles disse que o governo adotar\u00e1 \u201cuma solu\u00e7\u00e3o complementar\u201d para o Rio de Janeiro.<\/p>\n<p>Ao justificar o decreto de calamidade p\u00fablica, o governador em exerc\u00edcio disse que a &#8220;grave crise financeira&#8221;, que impede o cumprimento das obriga\u00e7\u00f5es assumidas em decorr\u00eancia da realiza\u00e7\u00e3o da Olimp\u00edada e da Paralimp\u00edada.<\/p>\n<p>Fonte: Exame<\/p>\n","protected":false},"excerpt":{"rendered":"<p>Ap\u00f3s reuni\u00e3o com o governador em exerc\u00edcio do Rio de Janeiro, Francisco Dornelles, o Pal\u00e1cio do Planalto sinalizou a disposi\u00e7\u00e3o de liberar cerca de R$&#8230;<\/p>\n","protected":false},"author":1182,"featured_media":18713,"comment_status":"closed","ping_status":"closed","sticky":false,"template":"","format":"standard","meta":{"footnotes":""},"categories":[6],"tags":[],"class_list":["post-19907","post","type-post","status-publish","format-standard","has-post-thumbnail","hentry","category-noticias"],"_links":{"self":[{"href":"https:\/\/www.sincomam.org.br\/index.php\/wp-json\/wp\/v2\/posts\/19907","targetHints":{"allow":["GET"]}}],"collection":[{"href":"https:\/\/www.sincomam.org.br\/index.php\/wp-json\/wp\/v2\/posts"}],"about":[{"href":"https:\/\/www.sincomam.org.br\/index.php\/wp-json\/wp\/v2\/types\/post"}],"author":[{"embeddable":true,"href":"https:\/\/www.sincomam.org.br\/index.php\/wp-json\/wp\/v2\/users\/1182"}],"replies":[{"embeddable":true,"href":"https:\/\/www.sincomam.org.br\/index.php\/wp-json\/wp\/v2\/comments?post=19907"}],"version-history":[{"count":1,"href":"https:\/\/www.sincomam.org.br\/index.php\/wp-json\/wp\/v2\/posts\/19907\/revisions"}],"predecessor-version":[{"id":19908,"href":"https:\/\/www.sincomam.org.br\/index.php\/wp-json\/wp\/v2\/posts\/19907\/revisions\/19908"}],"wp:featuredmedia":[{"embeddable":true,"href":"https:\/\/www.sincomam.org.br\/index.php\/wp-json\/wp\/v2\/media\/18713"}],"wp:attachment":[{"href":"https:\/\/www.sincomam.org.br\/index.php\/wp-json\/wp\/v2\/media?parent=19907"}],"wp:term":[{"taxonomy":"category","embeddable":true,"href":"https:\/\/www.sincomam.org.br\/index.php\/wp-json\/wp\/v2\/categories?post=19907"},{"taxonomy":"post_tag","embeddable":true,"href":"https:\/\/www.sincomam.org.br\/index.php\/wp-json\/wp\/v2\/tags?post=19907"}],"curies":[{"name":"wp","href":"https:\/\/api.w.org\/{rel}","templated":true}]}}