{"id":19898,"date":"2016-06-20T11:56:15","date_gmt":"2016-06-20T14:56:15","guid":{"rendered":"http:\/\/www.sincomam.org.br\/?p=19898"},"modified":"2016-06-20T11:56:15","modified_gmt":"2016-06-20T14:56:15","slug":"cabral-diz-que-lei-do-pre-sal-e-responsavel-pela-crise-no-rio","status":"publish","type":"post","link":"https:\/\/www.sincomam.org.br\/index.php\/cabral-diz-que-lei-do-pre-sal-e-responsavel-pela-crise-no-rio\/","title":{"rendered":"Cabral diz que lei do pr\u00e9-sal \u00e9 respons\u00e1vel pela crise no Rio"},"content":{"rendered":"<p>O ex-governador S\u00e9rgio Cabral (PMDB), que cumpriu dois mandatos no Rio (2007-2014) e elegeu seu sucessor, disse que a crise financeira do Estado acontece por causa da lei do pr\u00e9-sal aprovada em 2010 pelo governo federal.<\/p>\n<p>Questionado por e-mail, Cabral n\u00e3o respondeu se tamb\u00e9m considera que a obten\u00e7\u00e3o de empr\u00e9stimos e a concess\u00e3o de benef\u00edcios fiscais durante os seus dois governos (2007-2014) influenciaram na crise atual, que levou o governador em exerc\u00edcio, Francisco Dornelles (PP), a decretar estado de calamidade nesta sexta (17).<\/p>\n<p>Um relat\u00f3rio do TCE (Tribunal de Contas do Estado) apontou, em mar\u00e7o passado, que o governo estadual deixou de recolher em ICMS cerca de R$ 138 bilh\u00f5es entre 2008 e 2013. O valor representa as isen\u00e7\u00f5es fiscais que o Estado concedeu a empresas.<\/p>\n<p>Durante o governo S\u00e9rgio Cabral, o governo do Rio pegou cerca de R$ 40 bilh\u00f5es em empr\u00e9stimos, de acordo com levantamento do deputado estadual Luiz Paulo (PSDB).<\/p>\n<p>De acordo com Cabral, na nota divulgada por sua assessoria, a redistribui\u00e7\u00e3o dos royaties que passou para a Uni\u00e3o, deixando de privilegiar os estados produtores, \u00e9 o principal fator do decreto de calamidade p\u00fablica.<\/p>\n<p>&#8220;O ex-governador considera que a grave crise que se abateu sobre o Brasil tem origem na equivocada lei do pr\u00e9-sal -a mesma lei que, quando governador, combateu, em protestos que liderou nas ruas do Rio com a participa\u00e7\u00e3o de milhares de pessoas&#8221;, afirmou a nota.<\/p>\n<p>O ex-governador &#8220;viu na lei a reestatiza\u00e7\u00e3o da produ\u00e7\u00e3o do petr\u00f3leo no Brasil e o fim da concorr\u00eancia entre empresas privadas e tamb\u00e9m estrangeiras. O marco zero da crise \u00e9 a lei do pr\u00e9-sal, a pior da ind\u00fastria brasileira&#8221;, afirma a nota.<\/p>\n<p>Lava-Jato<\/p>\n<p>O governo de S\u00e9rgio Cabral tamb\u00e9m foi envolvido nas investiga\u00e7\u00f5es da Lava-Jato. Delatores citaram o ex-governador como benefici\u00e1rio de propinas.<\/p>\n<p>Cabral foi acusado de cobrar 5% em um pacote inclui a reforma do Maracan\u00e3, a terraplenagem da \u00e1rea do Comperj (Complexo Petroqu\u00edmico do Estado do Rio), a constru\u00e7\u00e3o do Arco Metropolitano e a urbaniza\u00e7\u00e3o de favelas em Manguinhos, na zona norte do Rio.<\/p>\n<p>As acusa\u00e7\u00f5es foram feitas por Rog\u00e9rio de S\u00e1 e Cl\u00f3vis Primo em acordos de dela\u00e7\u00e3o premiada com a Lava-Jato. S\u00e1 acrescentou que Cabral receberia mesada de R$ 350 mil como &#8220;adiantamento&#8221; de obras futuras.<\/p>\n<p>De acordo com a reportagem, os ex-executivos afirmaram em seus depoimentos que a reforma do Maracan\u00e3 para a Copa do Mundo rendeu ao ex-governador do Rio R$ 300 mil por m\u00eas entre 2010 e 2011.<\/p>\n<p>A dupla contou ainda que Cabral pediu \u00e0 empreiteira o pagamento de uma mesada de R$ 350 mil. O per\u00edodo dos dep\u00f3sitos n\u00e3o foi definido. De acordo com os depoimentos, o ex-governador chamava a propina de &#8220;adiantamentos&#8221;.<\/p>\n<p>Os delatores disseram que a propina foi negociada no Pal\u00e1cio Laranjeiras, resid\u00eancia oficial do governador do Rio. Segundo eles, Cabral pediu 5% por cada obra realizada no Estado do Rio.<\/p>\n<p>Al\u00e9m do ex-governador, as dela\u00e7\u00f5es citam Wilson Carlos, ex-secret\u00e1rio de Governo; Fernando Cavendish, dono da empreiteira Delta; e Carlos Miranda, citado como operador de Cabral nas obras do Maracan\u00e3.<\/p>\n<p>De acordo com os ex-executivos, Cabral teria recebido R$ 60 milh\u00f5es de propina na reforma do est\u00e1dio que recebeu a final da Copa. O cons\u00f3rcio da obra teria sido definido em 2009, antes mesmo da licita\u00e7\u00e3o. O custo foi de R$ 1,2 bilh\u00e3o.<\/p>\n<p>O ex-governador tamb\u00e9m foi acusado de pedir dinheiro em obras sem participa\u00e7\u00e3o direta do Estado. Segundo Rog\u00e9rio de S\u00e1, ele pediu 1% pelas obras de terraplanagem do Comperj, em Itabora\u00ed, na regi\u00e3o metropolitana do Rio.<\/p>\n<p>Fonte: Valor Economico<\/p>\n","protected":false},"excerpt":{"rendered":"<p>O ex-governador S\u00e9rgio Cabral (PMDB), que cumpriu dois mandatos no Rio (2007-2014) e elegeu seu sucessor, disse que a crise financeira do Estado acontece por&#8230;<\/p>\n","protected":false},"author":1182,"featured_media":18517,"comment_status":"closed","ping_status":"closed","sticky":false,"template":"","format":"standard","meta":{"footnotes":""},"categories":[6],"tags":[],"class_list":["post-19898","post","type-post","status-publish","format-standard","has-post-thumbnail","hentry","category-noticias"],"_links":{"self":[{"href":"https:\/\/www.sincomam.org.br\/index.php\/wp-json\/wp\/v2\/posts\/19898","targetHints":{"allow":["GET"]}}],"collection":[{"href":"https:\/\/www.sincomam.org.br\/index.php\/wp-json\/wp\/v2\/posts"}],"about":[{"href":"https:\/\/www.sincomam.org.br\/index.php\/wp-json\/wp\/v2\/types\/post"}],"author":[{"embeddable":true,"href":"https:\/\/www.sincomam.org.br\/index.php\/wp-json\/wp\/v2\/users\/1182"}],"replies":[{"embeddable":true,"href":"https:\/\/www.sincomam.org.br\/index.php\/wp-json\/wp\/v2\/comments?post=19898"}],"version-history":[{"count":1,"href":"https:\/\/www.sincomam.org.br\/index.php\/wp-json\/wp\/v2\/posts\/19898\/revisions"}],"predecessor-version":[{"id":19899,"href":"https:\/\/www.sincomam.org.br\/index.php\/wp-json\/wp\/v2\/posts\/19898\/revisions\/19899"}],"wp:featuredmedia":[{"embeddable":true,"href":"https:\/\/www.sincomam.org.br\/index.php\/wp-json\/wp\/v2\/media\/18517"}],"wp:attachment":[{"href":"https:\/\/www.sincomam.org.br\/index.php\/wp-json\/wp\/v2\/media?parent=19898"}],"wp:term":[{"taxonomy":"category","embeddable":true,"href":"https:\/\/www.sincomam.org.br\/index.php\/wp-json\/wp\/v2\/categories?post=19898"},{"taxonomy":"post_tag","embeddable":true,"href":"https:\/\/www.sincomam.org.br\/index.php\/wp-json\/wp\/v2\/tags?post=19898"}],"curies":[{"name":"wp","href":"https:\/\/api.w.org\/{rel}","templated":true}]}}