{"id":19894,"date":"2016-06-20T11:43:56","date_gmt":"2016-06-20T14:43:56","guid":{"rendered":"http:\/\/www.sincomam.org.br\/?p=19894"},"modified":"2016-06-20T11:43:56","modified_gmt":"2016-06-20T14:43:56","slug":"projecao-para-inflacao-em-2016-piora-pela-5a-vez-seguida","status":"publish","type":"post","link":"https:\/\/www.sincomam.org.br\/index.php\/projecao-para-inflacao-em-2016-piora-pela-5a-vez-seguida\/","title":{"rendered":"Proje\u00e7\u00e3o para infla\u00e7\u00e3o em 2016 piora pela 5\u00aa vez seguida"},"content":{"rendered":"<div data-template-placeholder=\"content-placeholder\">\n<p>Economistas\u00a0de institui\u00e7\u00f5es financeiras elevaram pela quinta vez seguida a expectativa para a alta dos pre\u00e7os neste ano mas deixaram inalterada a previs\u00e3o para o ano que vem depois que a ata da \u00faltima reuni\u00e3o do Banco Central\u00a0mostrou piora na sua previs\u00e3o para 2016 mas a infla\u00e7\u00e3o\u00a0em 2017 no centro da meta.<\/p>\n<p>A pesquisa Focus\u00a0do BC divulgada nesta segunda-feira indicou alta de 0,06 ponto percentual na expectativa para o avan\u00e7o do IPCA este ano, a 7,25 por cento, superando o teto da meta do governo, de 4,5 por cento com toler\u00e2ncia de 2 pontos percentuais.<\/p>\n<p>A estimativa para o ano que vem, por sua vez, continuou pela quinta semana seguida em 5,50 por cento, dentro da meta para 2017, que \u00e9 de 4,5 por cento com toler\u00e2ncia de 1,5 ponto.<\/p>\n<p>Para a Selic, n\u00e3o houve altera\u00e7\u00e3o nas expectativas de que ela encerrar\u00e1 este ano a 13 por cento e 2017 a 11,25. O Top 5 &#8211;grupo que mais acerta as proje\u00e7\u00f5es no Focus&#8211; tamb\u00e9m n\u00e3o mostrou mudan\u00e7as, com a taxa b\u00e1sica de juros fechando 2016 a 13,75 por cento e o ano que vem a 11,25 por cento.<\/p>\n<p>Depois de decidir pela manuten\u00e7\u00e3o da taxa b\u00e1sica de juros em 14,25 por cento, o Comit\u00ea de Pol\u00edtica Monet\u00e1ria do BC refor\u00e7ou na semana passada na ata dessa reuni\u00e3o que n\u00e3o h\u00e1 espa\u00e7o para redu\u00e7\u00e3o da taxa b\u00e1sica de juros.<\/p>\n<p>O BC ainda elevou suas estimativas para a infla\u00e7\u00e3o em 2016, mas para 2017 cortou suas estimativas, projetando que a infla\u00e7\u00e3o ficar\u00e1 no centro da meta.<\/p>\n<p>Essa foi a \u00faltima reuni\u00e3o antes de Ilan Goldfajn assumir o comando do BC. O novo presidente afirmou ao assumir o cargo que a autoridade monet\u00e1ria poder\u00e1 usar com &#8220;parcim\u00f4nia&#8221; as ferramentas cambiais e refor\u00e7ou o compromisso em levar a infla\u00e7\u00e3o para o centro da meta oficial do governo.<\/p>\n<p>Para o Produto Interno Bruto (PIB), os especialistas consultados passaram a ver agora contra\u00e7\u00e3o neste ano de 3,44 por cento, contra queda antes de 3,60 por cento.<\/p>\n<p>A economia brasileira iniciou o segundo trimestre praticamente estagnada, com varia\u00e7\u00e3o positiva de 0,03 por cento em abril pelo \u00cdndice de Atividade Econ\u00f4mica do Banco Central (IBC-Br), mas interrompeu quase um ano e meio de quedas.<\/p>\n<p>Em 2017 a recupera\u00e7\u00e3o esperada contiua sendo de um crescimento de 1,00 por cento.<\/p>\n<p>Fonte: Exame<\/p>\n<div><\/div>\n<\/div>\n","protected":false},"excerpt":{"rendered":"<p>Economistas\u00a0de institui\u00e7\u00f5es financeiras elevaram pela quinta vez seguida a expectativa para a alta dos pre\u00e7os neste ano mas deixaram inalterada a previs\u00e3o para o ano&#8230;<\/p>\n","protected":false},"author":1182,"featured_media":18713,"comment_status":"closed","ping_status":"closed","sticky":false,"template":"","format":"standard","meta":{"footnotes":""},"categories":[6],"tags":[],"class_list":["post-19894","post","type-post","status-publish","format-standard","has-post-thumbnail","hentry","category-noticias"],"_links":{"self":[{"href":"https:\/\/www.sincomam.org.br\/index.php\/wp-json\/wp\/v2\/posts\/19894","targetHints":{"allow":["GET"]}}],"collection":[{"href":"https:\/\/www.sincomam.org.br\/index.php\/wp-json\/wp\/v2\/posts"}],"about":[{"href":"https:\/\/www.sincomam.org.br\/index.php\/wp-json\/wp\/v2\/types\/post"}],"author":[{"embeddable":true,"href":"https:\/\/www.sincomam.org.br\/index.php\/wp-json\/wp\/v2\/users\/1182"}],"replies":[{"embeddable":true,"href":"https:\/\/www.sincomam.org.br\/index.php\/wp-json\/wp\/v2\/comments?post=19894"}],"version-history":[{"count":1,"href":"https:\/\/www.sincomam.org.br\/index.php\/wp-json\/wp\/v2\/posts\/19894\/revisions"}],"predecessor-version":[{"id":19895,"href":"https:\/\/www.sincomam.org.br\/index.php\/wp-json\/wp\/v2\/posts\/19894\/revisions\/19895"}],"wp:featuredmedia":[{"embeddable":true,"href":"https:\/\/www.sincomam.org.br\/index.php\/wp-json\/wp\/v2\/media\/18713"}],"wp:attachment":[{"href":"https:\/\/www.sincomam.org.br\/index.php\/wp-json\/wp\/v2\/media?parent=19894"}],"wp:term":[{"taxonomy":"category","embeddable":true,"href":"https:\/\/www.sincomam.org.br\/index.php\/wp-json\/wp\/v2\/categories?post=19894"},{"taxonomy":"post_tag","embeddable":true,"href":"https:\/\/www.sincomam.org.br\/index.php\/wp-json\/wp\/v2\/tags?post=19894"}],"curies":[{"name":"wp","href":"https:\/\/api.w.org\/{rel}","templated":true}]}}