{"id":19892,"date":"2016-06-20T11:30:08","date_gmt":"2016-06-20T14:30:08","guid":{"rendered":"http:\/\/www.sincomam.org.br\/?p=19892"},"modified":"2016-06-20T11:30:08","modified_gmt":"2016-06-20T14:30:08","slug":"dono-da-engevix-que-citou-propina-a-temer-desiste-de-delacao","status":"publish","type":"post","link":"https:\/\/www.sincomam.org.br\/index.php\/dono-da-engevix-que-citou-propina-a-temer-desiste-de-delacao\/","title":{"rendered":"Dono da Engevix que citou propina a Temer desiste de dela\u00e7\u00e3o"},"content":{"rendered":"<p>O s\u00f3cio da Engevix Jos\u00e9 Antunes Sobrinho, preso em setembro do ano passado pela opera\u00e7\u00e3o Lava Jato, teria desistido das negocia\u00e7\u00f5es para fechar um acordo de dela\u00e7\u00e3o premiada com a for\u00e7a-tarefa que investiga o esquema de corrup\u00e7\u00e3o na Petrobras.<\/p>\n<p>Segundo advogados do executivo disseram \u00e0 publica\u00e7\u00e3o, a mudan\u00e7a na estrat\u00e9gia teria sido motivada pela absolvi\u00e7\u00e3o de Antunes em uma das a\u00e7\u00f5es da Lava Jato por falta de provas. No entanto, de acordo com jornal, os investigadores \u201cdesconfiam\u201d da decis\u00e3o.\u00a0<\/p>\n<p>Durante as negocia\u00e7\u00f5es para fechar a dela\u00e7\u00e3o, o s\u00f3cio da Engevix teria prometido provar que entregou 1 milh\u00e3o de reais a um interlocutor do presidente em exerc\u00edcio, Michel Temer. Segundo ele, o pagamento seria um agradecimento pela participa\u00e7\u00e3o em um contrato de 162 milh\u00f5es de reais relacionado com as obras da usina de Angra 3.\u00a0<\/p>\n<p>O interlocutor de Temer, segundo o executivo, seria o coronel Jo\u00e3o Baptista Lima Filho, s\u00f3cio da empresa Argeplan, cujos contratos com o governo federal cresceram ap\u00f3s a chegada de Temer \u00e0 vice-presid\u00eancia, de acordo com levantamento de O Globo.\u00a0<\/p>\n<p>Antunes teria relatado duas reuni\u00f5es no escrit\u00f3rio de Michel Temer em S\u00e3o Paulo para falar sobre contratos com a Eletronuclear, respons\u00e1vel pela constru\u00e7\u00e3o da usina \u2013 que est\u00e1 h\u00e1 31 anos em obras.\u00a0<\/p>\n<p>Na \u00e9poca em que as acusa\u00e7\u00f5es vieram \u00e0 tona, Temer admitiu que se reuniu com os dois empres\u00e1rios, mas negou que o encontro tivesse rela\u00e7\u00e3o com contratos da Eletronuclear. A Argeplan tamb\u00e9m negou que Lima tenha recebido 1 milh\u00e3o de reais de Antunes. Desde maio, o s\u00f3cio da Engevix cumpre pris\u00e3o domiciliar.\u00a0<\/p>\n<p>Fonte: Exame<\/p>\n","protected":false},"excerpt":{"rendered":"<p>O s\u00f3cio da Engevix Jos\u00e9 Antunes Sobrinho, preso em setembro do ano passado pela opera\u00e7\u00e3o Lava Jato, teria desistido das negocia\u00e7\u00f5es para fechar um acordo&#8230;<\/p>\n","protected":false},"author":1182,"featured_media":19480,"comment_status":"closed","ping_status":"closed","sticky":false,"template":"","format":"standard","meta":{"footnotes":""},"categories":[6],"tags":[],"class_list":["post-19892","post","type-post","status-publish","format-standard","has-post-thumbnail","hentry","category-noticias"],"_links":{"self":[{"href":"https:\/\/www.sincomam.org.br\/index.php\/wp-json\/wp\/v2\/posts\/19892","targetHints":{"allow":["GET"]}}],"collection":[{"href":"https:\/\/www.sincomam.org.br\/index.php\/wp-json\/wp\/v2\/posts"}],"about":[{"href":"https:\/\/www.sincomam.org.br\/index.php\/wp-json\/wp\/v2\/types\/post"}],"author":[{"embeddable":true,"href":"https:\/\/www.sincomam.org.br\/index.php\/wp-json\/wp\/v2\/users\/1182"}],"replies":[{"embeddable":true,"href":"https:\/\/www.sincomam.org.br\/index.php\/wp-json\/wp\/v2\/comments?post=19892"}],"version-history":[{"count":1,"href":"https:\/\/www.sincomam.org.br\/index.php\/wp-json\/wp\/v2\/posts\/19892\/revisions"}],"predecessor-version":[{"id":19893,"href":"https:\/\/www.sincomam.org.br\/index.php\/wp-json\/wp\/v2\/posts\/19892\/revisions\/19893"}],"wp:featuredmedia":[{"embeddable":true,"href":"https:\/\/www.sincomam.org.br\/index.php\/wp-json\/wp\/v2\/media\/19480"}],"wp:attachment":[{"href":"https:\/\/www.sincomam.org.br\/index.php\/wp-json\/wp\/v2\/media?parent=19892"}],"wp:term":[{"taxonomy":"category","embeddable":true,"href":"https:\/\/www.sincomam.org.br\/index.php\/wp-json\/wp\/v2\/categories?post=19892"},{"taxonomy":"post_tag","embeddable":true,"href":"https:\/\/www.sincomam.org.br\/index.php\/wp-json\/wp\/v2\/tags?post=19892"}],"curies":[{"name":"wp","href":"https:\/\/api.w.org\/{rel}","templated":true}]}}