{"id":19883,"date":"2016-06-17T00:42:48","date_gmt":"2016-06-17T03:42:48","guid":{"rendered":"http:\/\/www.sincomam.org.br\/?p=19883"},"modified":"2016-06-16T22:44:39","modified_gmt":"2016-06-17T01:44:39","slug":"ministros-alertam-que-divida-pode-passar-de-80-do-pib","status":"publish","type":"post","link":"https:\/\/www.sincomam.org.br\/index.php\/ministros-alertam-que-divida-pode-passar-de-80-do-pib\/","title":{"rendered":"Ministros alertam que d\u00edvida pode passar de 80% do PIB"},"content":{"rendered":"<div data-template-placeholder=\"content-placeholder\">\n<p>Em mensagem enviada ao Congresso Nacional, juntamente ao texto da Proposta de Emenda Constitucional (PEC) que estabelece o teto de gastos, os ministros Henrique Meirelles (Fazenda) e Dyogo Oliveira (Planejamento) afirmam que o &#8220;Novo Regime Fiscal&#8221; busca reverter o quadro de &#8220;agudo desequil\u00edbrio fiscal&#8221; em que o governo federal &#8220;foi colocado&#8221; nos \u00faltimos anos.\u00a0<\/p>\n<p>Caso nenhuma provid\u00eancia seja tomada, a d\u00edvida bruta pode ultrapassar o patamar de 80% do Produto Interno Bruto (PIB) &#8220;nos pr\u00f3ximos anos&#8221;, alertam os ministros.<\/p>\n<p>A situa\u00e7\u00e3o dos \u00faltimos anos, com crescimento das despesas superior ao avan\u00e7o das receitas e a assun\u00e7\u00e3o de outras obriga\u00e7\u00f5es, provocou um aumento sem precedentes da d\u00edvida p\u00fablica federal, apontam Meirelles e Dyogo no documento.\u00a0<\/p>\n<p>A mudan\u00e7a de rumos nas contas p\u00fablicas, defendem, \u00e9 necess\u00e1ria para restabelecer a confian\u00e7a na sustentabilidade dos gastos e da d\u00edvida p\u00fablica e essencial para retomar o crescimento.<\/p>\n<p>&#8220;De fato, a D\u00edvida Bruta do Governo Geral passou de 51,7% do PIB, em 2013, para 67,5% do PIB em abril de 2016 e as proje\u00e7\u00f5es indicam que, se nada for feito para conter essa espiral, o patamar de 80% do PIB ser\u00e1 ultrapassado nos pr\u00f3ximos anos.&#8221;<\/p>\n<p>&#8220;Dessa forma, a\u00e7\u00f5es para dar sustentabilidade \u00e0s despesas p\u00fablicas n\u00e3o s\u00e3o um fim em si mesmas, mas o \u00fanico caminho para a recupera\u00e7\u00e3o da confian\u00e7a, que se traduzir\u00e1 na volta do crescimento&#8221;, sustentam os ministros.<\/p>\n<p>Fonte: Exame<\/p>\n<div><\/div>\n<\/div>\n","protected":false},"excerpt":{"rendered":"<p>Em mensagem enviada ao Congresso Nacional, juntamente ao texto da Proposta de Emenda Constitucional (PEC) que estabelece o teto de gastos, os ministros Henrique Meirelles&#8230;<\/p>\n","protected":false},"author":1182,"featured_media":18713,"comment_status":"closed","ping_status":"closed","sticky":false,"template":"","format":"standard","meta":{"footnotes":""},"categories":[6],"tags":[],"class_list":["post-19883","post","type-post","status-publish","format-standard","has-post-thumbnail","hentry","category-noticias"],"_links":{"self":[{"href":"https:\/\/www.sincomam.org.br\/index.php\/wp-json\/wp\/v2\/posts\/19883","targetHints":{"allow":["GET"]}}],"collection":[{"href":"https:\/\/www.sincomam.org.br\/index.php\/wp-json\/wp\/v2\/posts"}],"about":[{"href":"https:\/\/www.sincomam.org.br\/index.php\/wp-json\/wp\/v2\/types\/post"}],"author":[{"embeddable":true,"href":"https:\/\/www.sincomam.org.br\/index.php\/wp-json\/wp\/v2\/users\/1182"}],"replies":[{"embeddable":true,"href":"https:\/\/www.sincomam.org.br\/index.php\/wp-json\/wp\/v2\/comments?post=19883"}],"version-history":[{"count":1,"href":"https:\/\/www.sincomam.org.br\/index.php\/wp-json\/wp\/v2\/posts\/19883\/revisions"}],"predecessor-version":[{"id":19884,"href":"https:\/\/www.sincomam.org.br\/index.php\/wp-json\/wp\/v2\/posts\/19883\/revisions\/19884"}],"wp:featuredmedia":[{"embeddable":true,"href":"https:\/\/www.sincomam.org.br\/index.php\/wp-json\/wp\/v2\/media\/18713"}],"wp:attachment":[{"href":"https:\/\/www.sincomam.org.br\/index.php\/wp-json\/wp\/v2\/media?parent=19883"}],"wp:term":[{"taxonomy":"category","embeddable":true,"href":"https:\/\/www.sincomam.org.br\/index.php\/wp-json\/wp\/v2\/categories?post=19883"},{"taxonomy":"post_tag","embeddable":true,"href":"https:\/\/www.sincomam.org.br\/index.php\/wp-json\/wp\/v2\/tags?post=19883"}],"curies":[{"name":"wp","href":"https:\/\/api.w.org\/{rel}","templated":true}]}}