{"id":19846,"date":"2016-06-15T00:00:35","date_gmt":"2016-06-15T03:00:35","guid":{"rendered":"http:\/\/www.sincomam.org.br\/?p=19846"},"modified":"2016-06-15T00:15:06","modified_gmt":"2016-06-15T03:15:06","slug":"para-janot-temer-montou-ministerio-para-barrar-lava-jato","status":"publish","type":"post","link":"https:\/\/www.sincomam.org.br\/index.php\/para-janot-temer-montou-ministerio-para-barrar-lava-jato\/","title":{"rendered":"Para Janot, Temer montou minist\u00e9rio para barrar Lava Jato"},"content":{"rendered":"<p>O procurador-geral da Rep\u00fablica, Rodrigo Janot, diz acreditar que o presidente em exerc\u00edcio Michel Temer (PMDB) montou o seu minist\u00e9rio com o objetivo de colocar um freio nas investiga\u00e7\u00f5es da Opera\u00e7\u00e3o Lava Jato.<\/p>\n<p>Trechos do pedido de pris\u00e3o do presidente do Senado, Renan Calheiros (PMDB-AL), do senador Romero Juc\u00e1 (PMDB-RR) e do ex-presidente Jos\u00e9 Sarney (PMDB-AP) enviado por Janot ao Supremo Tribunal Federal demonstram essa interpreta\u00e7\u00e3o.<\/p>\n<p>Na pe\u00e7a, o procurador-geral da Rep\u00fablica afirma que as conversas gravadas pelo ex-presidente da Transpetro Sergio Machado com os peemedebistas demonstram que um &#8220;ac\u00f3rd\u00e3o&#8221; seria colocado em pr\u00e1tica ap\u00f3s a chamada &#8220;solu\u00e7\u00e3o Michel&#8221;, isto \u00e9, com a aprova\u00e7\u00e3o do afastamento de Dilma Rousseff no Senado e a chegada de Temer \u00e0 Presid\u00eancia.<\/p>\n<p>Para Janot, as nomea\u00e7\u00f5es de Juc\u00e1 para o Minist\u00e9rio do Planejamento, do filho de Sarney, Zequinha Sarney, para o Minist\u00e9rio do Meio Ambiente, e de Fabiano Silveira, ligado a Renan, para o minist\u00e9rio que substituiu a Controladoria-Geral da Uni\u00e3o, tiveram esse objetivo. Tamb\u00e9m entraria nessa estrat\u00e9gia a distribui\u00e7\u00e3o de cargos para o PSDB.<\/p>\n<p>Para o PGR, a inten\u00e7\u00e3o dos peemedebistas era &#8220;construir uma ampla base de apoio pol\u00edtico&#8221; para conseguir aprovar pelo menos tr\u00eas projetos no Congresso, um para enfraquecer o instrumento da dela\u00e7\u00e3o premiada, outro para reverter a decis\u00e3o do STF de permitir a pris\u00e3o ap\u00f3s a segunda inst\u00e2ncia e um terceiro para mudar a lei sobre acordos de leni\u00eancia.<\/p>\n<p>&#8220;Essas tr\u00eas medidas seriam implementadas no bojo de um amplo acordo pol\u00edtico &#8211; tratar-se-ia do propalado e temido &#8216;acord\u00e3o&#8217; &#8211; que envolveria o pr\u00f3prio Supremo Tribunal Federal&#8221;, afirma Janot.<\/p>\n<p>Apesar dos apontamentos do PGR, o ministro Teori Zavascki, relator da Lava Jato no STF, negou o pedido de pris\u00e3o dos tr\u00eas peemedebistas. Para o magistrado, apenas a presun\u00e7\u00e3o de &#8220;for\u00e7a pol\u00edtica&#8221; dos investigados para tentar obstruir a maior opera\u00e7\u00e3o j\u00e1 desencadeada contra a corrup\u00e7\u00e3o n\u00e3o \u00e9 elemento suficiente para mandar prend\u00ea-los.<\/p>\n<p>Procurada, a assessoria de imprensa de Temer n\u00e3o retornou ao questionamento da reportagem. O presidente em exerc\u00edcio, por\u00e9m, j\u00e1 repetiu in\u00fameras vezes que apoia as investiga\u00e7\u00f5es da Lava Jato.<\/p>\n<p>Fonte: Exame<\/p>\n","protected":false},"excerpt":{"rendered":"<p>O procurador-geral da Rep\u00fablica, Rodrigo Janot, diz acreditar que o presidente em exerc\u00edcio Michel Temer (PMDB) montou o seu minist\u00e9rio com o objetivo de colocar&#8230;<\/p>\n","protected":false},"author":1182,"featured_media":19480,"comment_status":"closed","ping_status":"closed","sticky":false,"template":"","format":"standard","meta":{"footnotes":""},"categories":[6],"tags":[],"class_list":["post-19846","post","type-post","status-publish","format-standard","has-post-thumbnail","hentry","category-noticias"],"_links":{"self":[{"href":"https:\/\/www.sincomam.org.br\/index.php\/wp-json\/wp\/v2\/posts\/19846","targetHints":{"allow":["GET"]}}],"collection":[{"href":"https:\/\/www.sincomam.org.br\/index.php\/wp-json\/wp\/v2\/posts"}],"about":[{"href":"https:\/\/www.sincomam.org.br\/index.php\/wp-json\/wp\/v2\/types\/post"}],"author":[{"embeddable":true,"href":"https:\/\/www.sincomam.org.br\/index.php\/wp-json\/wp\/v2\/users\/1182"}],"replies":[{"embeddable":true,"href":"https:\/\/www.sincomam.org.br\/index.php\/wp-json\/wp\/v2\/comments?post=19846"}],"version-history":[{"count":1,"href":"https:\/\/www.sincomam.org.br\/index.php\/wp-json\/wp\/v2\/posts\/19846\/revisions"}],"predecessor-version":[{"id":19847,"href":"https:\/\/www.sincomam.org.br\/index.php\/wp-json\/wp\/v2\/posts\/19846\/revisions\/19847"}],"wp:featuredmedia":[{"embeddable":true,"href":"https:\/\/www.sincomam.org.br\/index.php\/wp-json\/wp\/v2\/media\/19480"}],"wp:attachment":[{"href":"https:\/\/www.sincomam.org.br\/index.php\/wp-json\/wp\/v2\/media?parent=19846"}],"wp:term":[{"taxonomy":"category","embeddable":true,"href":"https:\/\/www.sincomam.org.br\/index.php\/wp-json\/wp\/v2\/categories?post=19846"},{"taxonomy":"post_tag","embeddable":true,"href":"https:\/\/www.sincomam.org.br\/index.php\/wp-json\/wp\/v2\/tags?post=19846"}],"curies":[{"name":"wp","href":"https:\/\/api.w.org\/{rel}","templated":true}]}}