{"id":19830,"date":"2016-06-14T09:31:46","date_gmt":"2016-06-14T12:31:46","guid":{"rendered":"http:\/\/www.sincomam.org.br\/?p=19830"},"modified":"2016-06-14T09:32:47","modified_gmt":"2016-06-14T12:32:47","slug":"disputa-sobre-mandato-de-cunha-avanca-para-a-ccj","status":"publish","type":"post","link":"https:\/\/www.sincomam.org.br\/index.php\/disputa-sobre-mandato-de-cunha-avanca-para-a-ccj\/","title":{"rendered":"Disputa sobre mandato de Cunha avan\u00e7a para a CCJ"},"content":{"rendered":"<p>Em um processo que se arrasta h\u00e1 225 dias, o Conselho de \u00c9tica da C\u00e2mara se re\u00fane nesta ter\u00e7a-feira, 14, para decidir o destino pol\u00edtico do deputado afastado Eduardo Cunha (PMDB-RJ). Os aliados do peemedebista est\u00e3o confiantes de que o pedido de cassa\u00e7\u00e3o poder\u00e1 ser rejeitado com a ajuda da deputada Tia Eron (PRB-BA) e advers\u00e1rios j\u00e1 admitiam ontem essa possibilidade, motivo pelo qual buscam alternativas para que o r\u00e9u na Opera\u00e7\u00e3o Lava Jato perca o mandato.<\/p>\n<p>Independentemente do resultado no colegiado, os grupos j\u00e1 se preparam para o confronto na pr\u00f3xima inst\u00e2ncia: a Comiss\u00e3o de Constitui\u00e7\u00e3o e Justi\u00e7a (CCJ).<\/p>\n<p>&#8220;N\u00e3o temos mais o que fazer no Conselho&#8221;, disse Julio Delgado (PSB-MG), um dos que mais operaram pela cassa\u00e7\u00e3o de Cunha. Sua avalia\u00e7\u00e3o era semelhante \u00e0 de aliados do deputado afastado, que d\u00e3o como certo que a maioria do colegiado vai derrotar o parecer pela cassa\u00e7\u00e3o e aprovar o voto em separado do deputado Jo\u00e3o Carlos Bacelar (PR-BA), que pede a suspens\u00e3o do mandato do peemedebista por tr\u00eas meses.<\/p>\n<p>&#8220;Estou confiante de que a nossa tese ser\u00e1 vitoriosa&#8221;, disse o vice-l\u00edder do PMDB, Carlos Marun (MS). Ap\u00f3s a vota\u00e7\u00e3o no conselho, Marun afirma que vai procurar Cunha para pedir que renuncie ao cargo de presidente da C\u00e2mara. Com a ren\u00fancia, seus aliados acreditam que ser\u00e1 mais f\u00e1cil negociar um acord\u00e3o para salvar o mandato do peemedebista. &#8220;Como tenho estado na linha de frente dele no Conselho de \u00c9tica, me sinto credenciado para ter essa conversa, que pode ser dif\u00edcil, mas \u00e9 necess\u00e1ria&#8221;, afirmou Marun.<\/p>\n<p>No conselho, Cunha \u00e9 alvo de processo por quebra de decoro parlamentar, sob acusa\u00e7\u00e3o de mentir \u00e0 CPI da Petrobr\u00e1s em 2015 ao dizer que n\u00e3o possu\u00eda contas secretas no exterior. O peemedebista est\u00e1 afastado da presid\u00eancia da C\u00e2mara desde 5 de maio por decis\u00e3o do Supremo Tribunal Federal.<\/p>\n<p><strong>Rito<\/strong><\/p>\n<p>Qualquer que seja o resultado, os dois lados j\u00e1 se preparam para a disputa na CCJ. Com a aprova\u00e7\u00e3o de uma eventual suspens\u00e3o do mandato, a &#8220;tropa de choque&#8221; de Cunha afirma que o foco dele ser\u00e1 aprovar na comiss\u00e3o uma consulta que altera o rito de vota\u00e7\u00e3o do processo disciplinar no plen\u00e1rio. Caso a proposta seja aprovada e acatada pelo presidente interino da C\u00e2mara, Waldir Maranh\u00e3o (PP-MA), Cunha evita que a suspens\u00e3o seja modificada no plen\u00e1rio por uma pena mais dura: a cassa\u00e7\u00e3o.<\/p>\n<p>Composta por 66 deputados titulares, a CCJ \u00e9 a principal comiss\u00e3o da Casa e re\u00fane, em sua maioria, pol\u00edticos experientes. &#8220;Aquela consulta n\u00e3o passa na CCJ. L\u00e1 \u00e9 um pessoal mais independente, mais gabaritado, ex-governadores, ex-prefeitos de capitais, juristas. Acho muito dif\u00edcil juristas se dobrarem&#8221;, disse o presidente do conselho, Jos\u00e9 Carlos Ara\u00fajo (PR-BA).<\/p>\n<p>O esfor\u00e7o do grupo contr\u00e1rio ao peemedebista \u00e9 manter o atual rito de vota\u00e7\u00e3o, que prev\u00ea em \u00faltima inst\u00e2ncia a aprecia\u00e7\u00e3o da representa\u00e7\u00e3o original que, neste caso, pede a perda do mandato. Pelo n\u00famero de titulares na CCJ, deputados se dividem sobre quem teria maioria no colegiado. Os dois lados consideram que a disputa na comiss\u00e3o ser\u00e1 crucial na defini\u00e7\u00e3o do futuro de Cunha. Da CCJ, o processo seguir\u00e1 para o plen\u00e1rio e, como o voto final \u00e9 aberto, dificilmente o peemedebista teria como escapar da cassa\u00e7\u00e3o devido \u00e0 press\u00e3o popular.<\/p>\n<p>No plen\u00e1rio, s\u00e3o necess\u00e1rios 257 votos para que a cassa\u00e7\u00e3o de Cunha seja aprovada. Hoje, pelo menos nove partidos t\u00eam posi\u00e7\u00e3o declarada a favor da cassa\u00e7\u00e3o do peemedebista: PT, PC do B, PDT, Rede, PSOL, DEM, PSDB, PSB e PPS. Juntos, eles somam 218 deputados. Pelas contas dos opositores, os 39 votos necess\u00e1rios para alcan\u00e7ar os 257 podem vir facilmente dos dissidentes do Centr\u00e3o, que soma cerca de 220 parlamentares.<\/p>\n<p>Os conselheiros que pregam a puni\u00e7\u00e3o mais severa a Cunha sondaram ontem o relator Marcos Rog\u00e9rio (DEM-RO) sobre a possibilidade dele aceitar um aditamento ao parecer. Os deputados querem incluir no relat\u00f3rio final as novas den\u00fancias contra o peemedebista, entre eles o depoimento da pr\u00f3pria mulher dele, Cl\u00e1udia Cruz, a dela\u00e7\u00e3o premiada do ex-vice-presidente da Caixa Econ\u00f4mica Federal, F\u00e1bio Cleto, apontando a participa\u00e7\u00e3o do parlamentar em um esquema de pagamento de propina em troca de libera\u00e7\u00e3o de verbas do fundo de investimentos do FGTS, al\u00e9m de novos documentos que ser\u00e3o encaminhados hoje pelo Banco Central. O relator avisou que analisar\u00e1 a proposta.<\/p>\n<p><strong>Tia Eron<\/strong><\/p>\n<p>Voto de minerva no processo contra Cunha no Conselho de \u00c9tica, a deputada Tia Eron (PRB-BA) optou pelo isolamento nos \u00faltimos dias. Com quem conversou, disse que vai participar hoje da vota\u00e7\u00e3o do parecer que pede a cassa\u00e7\u00e3o de Cunha, mas n\u00e3o adiantou como votar\u00e1. Um dos poucos a conversar com ela no fim de semana foi o deputado e pr\u00e9-candidato \u00e0 Prefeitura de S\u00e3o Paulo, Celso Russomanno (PRB-SP). &#8220;O pessoal pega pesado&#8221;, afirmou. Ele disse que apontou para a deputada as consequ\u00eancias pol\u00edticas do seu voto e enfatizou que o parecer do deputado Marcos Rog\u00e9rio (DEM-RO) n\u00e3o deixa d\u00favidas sobre a quebra de decoro parlamentar.<\/p>\n<p>Fonte: Folha de S\u00e3o Paulo<\/p>\n","protected":false},"excerpt":{"rendered":"<p>Em um processo que se arrasta h\u00e1 225 dias, o Conselho de \u00c9tica da C\u00e2mara se re\u00fane nesta ter\u00e7a-feira, 14, para decidir o destino pol\u00edtico&#8230;<\/p>\n","protected":false},"author":1182,"featured_media":18655,"comment_status":"closed","ping_status":"closed","sticky":false,"template":"","format":"standard","meta":{"footnotes":""},"categories":[6],"tags":[],"class_list":["post-19830","post","type-post","status-publish","format-standard","has-post-thumbnail","hentry","category-noticias"],"_links":{"self":[{"href":"https:\/\/www.sincomam.org.br\/index.php\/wp-json\/wp\/v2\/posts\/19830","targetHints":{"allow":["GET"]}}],"collection":[{"href":"https:\/\/www.sincomam.org.br\/index.php\/wp-json\/wp\/v2\/posts"}],"about":[{"href":"https:\/\/www.sincomam.org.br\/index.php\/wp-json\/wp\/v2\/types\/post"}],"author":[{"embeddable":true,"href":"https:\/\/www.sincomam.org.br\/index.php\/wp-json\/wp\/v2\/users\/1182"}],"replies":[{"embeddable":true,"href":"https:\/\/www.sincomam.org.br\/index.php\/wp-json\/wp\/v2\/comments?post=19830"}],"version-history":[{"count":1,"href":"https:\/\/www.sincomam.org.br\/index.php\/wp-json\/wp\/v2\/posts\/19830\/revisions"}],"predecessor-version":[{"id":19831,"href":"https:\/\/www.sincomam.org.br\/index.php\/wp-json\/wp\/v2\/posts\/19830\/revisions\/19831"}],"wp:featuredmedia":[{"embeddable":true,"href":"https:\/\/www.sincomam.org.br\/index.php\/wp-json\/wp\/v2\/media\/18655"}],"wp:attachment":[{"href":"https:\/\/www.sincomam.org.br\/index.php\/wp-json\/wp\/v2\/media?parent=19830"}],"wp:term":[{"taxonomy":"category","embeddable":true,"href":"https:\/\/www.sincomam.org.br\/index.php\/wp-json\/wp\/v2\/categories?post=19830"},{"taxonomy":"post_tag","embeddable":true,"href":"https:\/\/www.sincomam.org.br\/index.php\/wp-json\/wp\/v2\/tags?post=19830"}],"curies":[{"name":"wp","href":"https:\/\/api.w.org\/{rel}","templated":true}]}}