{"id":19815,"date":"2016-06-14T09:18:52","date_gmt":"2016-06-14T12:18:52","guid":{"rendered":"http:\/\/www.sincomam.org.br\/?p=19815"},"modified":"2016-06-14T09:18:52","modified_gmt":"2016-06-14T12:18:52","slug":"petrobras-vai-propor-reducao-de-jornada-e-de-salarios","status":"publish","type":"post","link":"https:\/\/www.sincomam.org.br\/index.php\/petrobras-vai-propor-reducao-de-jornada-e-de-salarios\/","title":{"rendered":"Petrobras vai propor redu\u00e7\u00e3o de jornada e de sal\u00e1rios"},"content":{"rendered":"<p>A\u00a0Petrobras\u00a0vai retomar as negocia\u00e7\u00f5es com os empregados para implementar mudan\u00e7as no acordo coletivo propostas no ano passado, ainda durante a presid\u00eancia de Aldemir Bendisse, segundo fonte da empresa ouvida pelo Broadcast, servi\u00e7o de not\u00edcias em tempo real da Ag\u00eancia Estado.<\/p>\n<p>A estatal quer reduzir a jornada de trabalho<a href=\"http:\/\/www.exame.com.br\/topicos\/jornada-de-trabalho\"><strong>\u00a0<\/strong><\/a>para 6 horas e os sal\u00e1rios em 25%. Numa primeira tentativa, diante da resist\u00eancia dos sindicatos, Bendine abandonou o plano.\u00a0<\/p>\n<p>Mas seu substituto, Pedro Parente, d\u00e1 como certo que conseguir\u00e1 promover as mudan\u00e7as, que integram o programa de ajuste das finan\u00e7as.<\/p>\n<p>A redu\u00e7\u00e3o da jornada de trabalho e dos sal\u00e1rios faz parte das negocia\u00e7\u00f5es do acordo coletivo que ser\u00e1 implementado a partir de setembro.\u00a0<\/p>\n<p>As conversas com os sindicatos come\u00e7am em breve e devem ser conclu\u00eddas at\u00e9 o in\u00edcio de agosto. Nenhuma reuni\u00e3o aconteceu at\u00e9 agora. J\u00e1 est\u00e1 definido, por\u00e9m, que a proposta ser\u00e1 a mesma apresentada em 2015.<\/p>\n<p>Em dezembro do ano passado, os petroleiros entraram em greve para resistir \u00e0s propostas de mudan\u00e7as nos benef\u00edcios trabalhistas. Por fim, a empresa voltou atr\u00e1s e manteve as condi\u00e7\u00f5es do acordo de 2014.\u00a0<\/p>\n<p>A Federa\u00e7\u00e3o \u00danica dos Petroleiros (FUP), representante dos empregados da maior parte das unidades da Petrobras, \u00e9 ligada ao PT e, no governo da presidente afastada, Dilma Rousseff, tinha mais influ\u00eancia sobre a companhia. No governo interino de Michel Temer, perdeu for\u00e7a.<\/p>\n<p>A vis\u00e3o de um alto executivo da companhia, que n\u00e3o quis ser identificado, \u00e9 que Parente vai promover um &#8220;aperto&#8221; nas contas da empresa ainda maior do que o implementado por Bendine.<\/p>\n<p>O ex-presidente n\u00e3o era bem quisto pelos sindicalistas, que o apelidaram de &#8220;Vendine&#8221;, por causa do seu plano de venda de ativos. Dentro do conselho de administra\u00e7\u00e3o, por\u00e9m, Bendine arrumou inimizades por ser considerado flex\u00edvel com os trabalhadores.\u00a0<\/p>\n<p>Esse foi um dos motivos que levaram o presidente da Vale, Murilo Ferreira, a deixar a presid\u00eancia do conselho da petroleira.<\/p>\n<p>Segundo a fonte, com a mudan\u00e7a de cen\u00e1rio, principalmente pol\u00edtica, h\u00e1 espa\u00e7o para retomar a proposta de mudan\u00e7a do acordo coletivo.\u00a0<\/p>\n<p>Para conseguir levar adiante o plano, Parente tem tentado se aproximar dos empregados, com a promessa de que n\u00e3o haver\u00e1 demiss\u00f5es.\u00a0<\/p>\n<p>Em encontros com eles, tem transmitido a mensagem de que, mesmo os funcion\u00e1rios das unidades que forem vendidas ser\u00e3o realocados e receber\u00e3o treinamento para atuar em novas atividades.<\/p>\n<p>Fonte: Exame<\/p>\n","protected":false},"excerpt":{"rendered":"<p>A\u00a0Petrobras\u00a0vai retomar as negocia\u00e7\u00f5es com os empregados para implementar mudan\u00e7as no acordo coletivo propostas no ano passado, ainda durante a presid\u00eancia de Aldemir Bendisse, segundo&#8230;<\/p>\n","protected":false},"author":1182,"featured_media":17800,"comment_status":"closed","ping_status":"closed","sticky":false,"template":"","format":"standard","meta":{"footnotes":""},"categories":[6],"tags":[],"class_list":["post-19815","post","type-post","status-publish","format-standard","has-post-thumbnail","hentry","category-noticias"],"_links":{"self":[{"href":"https:\/\/www.sincomam.org.br\/index.php\/wp-json\/wp\/v2\/posts\/19815","targetHints":{"allow":["GET"]}}],"collection":[{"href":"https:\/\/www.sincomam.org.br\/index.php\/wp-json\/wp\/v2\/posts"}],"about":[{"href":"https:\/\/www.sincomam.org.br\/index.php\/wp-json\/wp\/v2\/types\/post"}],"author":[{"embeddable":true,"href":"https:\/\/www.sincomam.org.br\/index.php\/wp-json\/wp\/v2\/users\/1182"}],"replies":[{"embeddable":true,"href":"https:\/\/www.sincomam.org.br\/index.php\/wp-json\/wp\/v2\/comments?post=19815"}],"version-history":[{"count":1,"href":"https:\/\/www.sincomam.org.br\/index.php\/wp-json\/wp\/v2\/posts\/19815\/revisions"}],"predecessor-version":[{"id":19816,"href":"https:\/\/www.sincomam.org.br\/index.php\/wp-json\/wp\/v2\/posts\/19815\/revisions\/19816"}],"wp:featuredmedia":[{"embeddable":true,"href":"https:\/\/www.sincomam.org.br\/index.php\/wp-json\/wp\/v2\/media\/17800"}],"wp:attachment":[{"href":"https:\/\/www.sincomam.org.br\/index.php\/wp-json\/wp\/v2\/media?parent=19815"}],"wp:term":[{"taxonomy":"category","embeddable":true,"href":"https:\/\/www.sincomam.org.br\/index.php\/wp-json\/wp\/v2\/categories?post=19815"},{"taxonomy":"post_tag","embeddable":true,"href":"https:\/\/www.sincomam.org.br\/index.php\/wp-json\/wp\/v2\/tags?post=19815"}],"curies":[{"name":"wp","href":"https:\/\/api.w.org\/{rel}","templated":true}]}}