{"id":19812,"date":"2016-06-13T11:22:02","date_gmt":"2016-06-13T14:22:02","guid":{"rendered":"http:\/\/www.sincomam.org.br\/?p=19812"},"modified":"2016-06-13T11:22:02","modified_gmt":"2016-06-13T14:22:02","slug":"mercado-sobe-projecoes-para-inflacao-juros-e-pib","status":"publish","type":"post","link":"https:\/\/www.sincomam.org.br\/index.php\/mercado-sobe-projecoes-para-inflacao-juros-e-pib\/","title":{"rendered":"Mercado sobe proje\u00e7\u00f5es para infla\u00e7\u00e3o, juros e PIB"},"content":{"rendered":"<div data-template-placeholder=\"content-placeholder\">\n<p>As expectativas para a infla\u00e7\u00e3o e para a taxa b\u00e1sica de juros neste ano subiram depois que Ilan Goldfajn foi aprovado no Senado para assumir a presid\u00eancia do Banco Central, enquanto a proje\u00e7\u00e3o para o d\u00f3lar caiu, conforme apontou a pesquisa Focus da autoridade monet\u00e1ria nesta segunda-feira.<\/p>\n<p>Para a alta do IPCA, a mediana das proje\u00e7\u00f5es para este ano subiu 0,07 ponto percentual e aponta agora 7,19 por cento, estourando o teto da meta do governo, de 4,5 por cento com toler\u00e2ncia de 2 pontos percentuais.<\/p>\n<p>Em maio o IPCA acelerou a alta a 0,78 por cento, maior n\u00edvel para o m\u00eas desde 2008, voltando a ganhar for\u00e7a no acumulado em 12 meses ao atingir 9,32 por cento.<\/p>\n<p>A proje\u00e7\u00e3o para a infla\u00e7\u00e3o em 2017, por sua vez, permaneceu em 5,50 por cento pela quarta semana seguida, dentro da meta para o ano que vem, que \u00e9 de 4,5 por cento com toler\u00e2ncia de 1,5 ponto.<\/p>\n<p>A nomea\u00e7\u00e3o de Ilan como presidente do BC foi publicada na semana passada no Di\u00e1rio Oficial da Uni\u00e3o e a transmiss\u00e3o do cargo acontece nesta segunda-feira.<\/p>\n<p>No Senado, ele afirmou que o objetivo da autoridade monet\u00e1ria ser\u00e1 o de cumprir plenamente a meta de infla\u00e7\u00e3o &#8220;mirando o seu ponto central&#8221;.<\/p>\n<p>Ele tamb\u00e9m afirmou que haver\u00e1 &#8220;respeito ao regime de c\u00e2mbio flutuante&#8221;, o que levou operadores a apostarem que o BC deve ser menos propenso a intervir no c\u00e2mbio.<\/p>\n<p>Diante disso, as estimativas para o d\u00f3lar ca\u00edram a 3,65 reais e 3,81 reais para 2016 e 2017 respectivamente, contra 3,68 e 3,85 reais na semana anterior.<\/p>\n<p>O levantamento com uma centena de economistas mostrou ainda que a Selic deve terminar 2016 a 13,00 por cento, contra 12,88 por cento antes. Para o ano que vem, os especialistas consultados ainda veem a taxa a 11,25 por cento.<\/p>\n<p>O Top 5 &#8211;grupo que mais acerta as proje\u00e7\u00f5es no Focus&#8211; ainda v\u00ea os juros mais altos do que o Focus em geral mostra neste ano, mantendo a previs\u00e3o de Selic a 13,75 por cento.<\/p>\n<p>Entretanto, para 2017, alinhou-se \u00e0 expectativa geral ao reduzir sua proje\u00e7\u00e3o a 11,25 por cento, de 12,25 por cento antes.<\/p>\n<p>Como esperado pelo mercado, o BC manteve na \u00faltima reuni\u00e3o a taxa b\u00e1sica de juros em 14,25 por cento ao ano, destacando que a infla\u00e7\u00e3o ainda est\u00e1 muito elevada para permitir um corte de juros.<\/p>\n<p>Em rela\u00e7\u00e3o \u00e0 economia, a contra\u00e7\u00e3o do Produto Interno Bruto (PIB) esperada para este ano agora no Focus \u00e9 de 3,60 por cento, ante queda prevista de 3,71 por cento anteriormente.<\/p>\n<p>A recupera\u00e7\u00e3o que os economistas consultados veem para 2017 melhorou pela terceira vez e chega agora a 1,00 por cento, sobre 0,85 por cento na pesquisa anterior.<\/p>\n<div>Fonte: Exame<\/div>\n<\/div>\n","protected":false},"excerpt":{"rendered":"<p>As expectativas para a infla\u00e7\u00e3o e para a taxa b\u00e1sica de juros neste ano subiram depois que Ilan Goldfajn foi aprovado no Senado para assumir&#8230;<\/p>\n","protected":false},"author":1182,"featured_media":17853,"comment_status":"closed","ping_status":"closed","sticky":false,"template":"","format":"standard","meta":{"footnotes":""},"categories":[6],"tags":[],"class_list":["post-19812","post","type-post","status-publish","format-standard","has-post-thumbnail","hentry","category-noticias"],"_links":{"self":[{"href":"https:\/\/www.sincomam.org.br\/index.php\/wp-json\/wp\/v2\/posts\/19812","targetHints":{"allow":["GET"]}}],"collection":[{"href":"https:\/\/www.sincomam.org.br\/index.php\/wp-json\/wp\/v2\/posts"}],"about":[{"href":"https:\/\/www.sincomam.org.br\/index.php\/wp-json\/wp\/v2\/types\/post"}],"author":[{"embeddable":true,"href":"https:\/\/www.sincomam.org.br\/index.php\/wp-json\/wp\/v2\/users\/1182"}],"replies":[{"embeddable":true,"href":"https:\/\/www.sincomam.org.br\/index.php\/wp-json\/wp\/v2\/comments?post=19812"}],"version-history":[{"count":1,"href":"https:\/\/www.sincomam.org.br\/index.php\/wp-json\/wp\/v2\/posts\/19812\/revisions"}],"predecessor-version":[{"id":19813,"href":"https:\/\/www.sincomam.org.br\/index.php\/wp-json\/wp\/v2\/posts\/19812\/revisions\/19813"}],"wp:featuredmedia":[{"embeddable":true,"href":"https:\/\/www.sincomam.org.br\/index.php\/wp-json\/wp\/v2\/media\/17853"}],"wp:attachment":[{"href":"https:\/\/www.sincomam.org.br\/index.php\/wp-json\/wp\/v2\/media?parent=19812"}],"wp:term":[{"taxonomy":"category","embeddable":true,"href":"https:\/\/www.sincomam.org.br\/index.php\/wp-json\/wp\/v2\/categories?post=19812"},{"taxonomy":"post_tag","embeddable":true,"href":"https:\/\/www.sincomam.org.br\/index.php\/wp-json\/wp\/v2\/tags?post=19812"}],"curies":[{"name":"wp","href":"https:\/\/api.w.org\/{rel}","templated":true}]}}