{"id":19807,"date":"2016-06-13T11:14:34","date_gmt":"2016-06-13T14:14:34","guid":{"rendered":"http:\/\/www.sincomam.org.br\/?p=19807"},"modified":"2016-06-13T11:14:34","modified_gmt":"2016-06-13T14:14:34","slug":"planalto-e-centrao-tiram-apoio-a-mandato-de-cunha","status":"publish","type":"post","link":"https:\/\/www.sincomam.org.br\/index.php\/planalto-e-centrao-tiram-apoio-a-mandato-de-cunha\/","title":{"rendered":"Planalto e Centr\u00e3o tiram apoio a mandato de Cunha"},"content":{"rendered":"<p>O deputado Eduardo Cunha (PMDB-RJ) perdeu apoio do Pal\u00e1cio do Planalto, do PMDB e do Centr\u00e3o (maior bloco parlamentar informal do Congresso) na luta para manter o mandato.\u00a0<\/p>\n<p>Antes poderoso, o presidente afastado da C\u00e2mara est\u00e1 acuado por antigos aliados, que o pressionam para que renuncie ao cargo na dire\u00e7\u00e3o da Casa, e pela Opera\u00e7\u00e3o Lava Jato.\u00a0<\/p>\n<p>Cunha v\u00ea a preserva\u00e7\u00e3o do mandato como \u00fanica forma de n\u00e3o ser preso &#8211; ele teme que seus processos sejam remetidos a primeira inst\u00e2ncia e fiquem sob cuidados do juiz S\u00e9rgio Moro.<\/p>\n<p>Na semana passada, Cunha foi procurado por dois parlamentares do Centr\u00e3o, grupo que ajudou a criar. Ambos o aconselharam a renunciar, pelo bem do governo do presidente em exerc\u00edcio Michel Temer. ,<\/p>\n<p>Cunha se descontrolou e, aos gritos, disse que jamais tomar\u00e1 essa atitude. A medida seria vista como sinal de enfraquecimento, e isso poderia tornar inevit\u00e1vel a cassa\u00e7\u00e3o em plen\u00e1rio.<\/p>\n<p>Na quinta-feira, dia em que a mulher dele, a jornalista Cl\u00e1udia Cruz, virou r\u00e9 na Lava Jato por decis\u00e3o de Moro, o deputado mandou mensagens a integrantes do Centr\u00e3o dizendo que n\u00e3o pode abrir m\u00e3o do mandato porque o juiz federal promoveria um &#8220;cerco&#8221; a ele e a sua fam\u00edlia.<\/p>\n<p>A estrat\u00e9gia para tirar Cunha de cena vem sendo chamada nos bastidores do governo e do Congresso de &#8220;opera\u00e7\u00e3o m\u00e3o do gato&#8221;, numa dupla refer\u00eancia ao gesto do felino de bater e recolher o bra\u00e7o imediatamente e ao ato de agir sorrateiramente.\u00a0<\/p>\n<p>O medo do PMDB e do Planalto \u00e9 de que Cunha, num gesto de vingan\u00e7a, possa fazer acusa\u00e7\u00f5es contra Temer e o partido. No Planalto, a avalia\u00e7\u00e3o \u00e9 de que Cunha se tornou um fator que s\u00f3 atrapalha o governo.<\/p>\n<h3><b>Criador e criatura<\/b><\/h3>\n<p>No Centr\u00e3o, a convic\u00e7\u00e3o \u00e9 de que a &#8220;criatura se tornou maior do que o criador&#8221;, conforme a defini\u00e7\u00e3o de um l\u00edder ao falar do grupo e de Cunha. O objetivo do bloco \u00e9 manter o poder sobre o comando da C\u00e2mara e fazer o sucessor do presidente afastado da Casa.<\/p>\n<p>L\u00edderes do Centr\u00e3o avaliam ser poss\u00edvel vencer a vota\u00e7\u00e3o sobre o processo que pesa contra Cunha no Conselho de \u00c9tica da C\u00e2mara, prevista para amanh\u00e3, e aprovar uma pena mais branda, como suspens\u00e3o por tr\u00eas meses. Para isso, contam com o voto da deputada Tia Eron (PRB-BA), que n\u00e3o assume publicamente a defesa da cassa\u00e7\u00e3o do mandato.<\/p>\n<p>No plen\u00e1rio, por\u00e9m, o progn\u00f3stico \u00e9 desfavor\u00e1vel ao peemedebista. Por isso, parte do Centr\u00e3o v\u00ea como alternativa mais vi\u00e1vel que o presidente afastado renuncie ao cargo &#8211; o gesto poderia convencer parlamentares a aceitarem a pena branda.<\/p>\n<p>&#8220;Hoje a situa\u00e7\u00e3o est\u00e1 muito dif\u00edcil. Chegou a um ponto muito desgastante. Fica dif\u00edcil apoiar&#8221;, afirma o l\u00edder do PR, Aelton Freitas (MG). Segundo ele, no plen\u00e1rio ser\u00e1 muito dif\u00edcil para os deputados que sustentam Cunha nos bastidores manter esse apoio, pois a vota\u00e7\u00e3o ser\u00e1 aberta.<\/p>\n<p>Vice-l\u00edder do PMDB e membro da &#8220;tropa de choque&#8221; de Cunha, o deputado Carlos Marun (MS) admite que haver\u00e1 votos contr\u00e1rios ao peemedebista at\u00e9 na bancada, mas avalia ser minoria. &#8220;Obviamente n\u00e3o \u00e9 uma situa\u00e7\u00e3o f\u00e1cil, haja vista a press\u00e3o externa.&#8221;<\/p>\n<p>No PP, o l\u00edder Aguinaldo Ribeiro (PB) apoia o presidente afastado da C\u00e2mara nos bastidores, mas j\u00e1 \u00e9 pressionado por seus deputados por sua posi\u00e7\u00e3o. &#8220;No momento em que o processo for \u00e0 vota\u00e7\u00e3o em plen\u00e1rio, a maioria do PP n\u00e3o vota com Cunha. A maioria n\u00e3o est\u00e1 com ele. O pessoal s\u00f3 n\u00e3o est\u00e1 manifestando isso em respeito ao l\u00edder&#8221;, disse o deputado Jer\u00f4nimo Goergen (PP-RS), da bancada ruralista.<\/p>\n<p>No plen\u00e1rio, bastam 257 votos para a cassa\u00e7\u00e3o de Cunha ser aprovada. Hoje, nove partidos se declararam nesse sentido: PT, PC do B, PDT, Rede, PSOL, DEM, PSDB, PSB e PPS, que somam 218 deputados. O Centr\u00e3o tem cerca de 220 parlamentares.<\/p>\n<p>Al\u00e9m de articular a mudan\u00e7a no parecer do Conselho de \u00c9tica que pede sua cassa\u00e7\u00e3o, Cunha atua na Comiss\u00e3o de Constitui\u00e7\u00e3o e Justi\u00e7a (CCJ) para mudar as regras de vota\u00e7\u00e3o do relat\u00f3rio no plen\u00e1rio e, com isso, impedir que a recomenda\u00e7\u00e3o por uma pena mais branda seja alterada para uma puni\u00e7\u00e3o mais dura.\u00a0<\/p>\n<p>O processo por quebra de decoro foi aberto h\u00e1 mais de 220 dias e tem como objeto a acusa\u00e7\u00e3o de que Cunha mentiu ao afirmar na CPI da Petrobr\u00e1s, em 2015, que n\u00e3o possu\u00eda contas secretas no exterior.<\/p>\n<p>Fonte: Exame<\/p>\n","protected":false},"excerpt":{"rendered":"<p>O deputado Eduardo Cunha (PMDB-RJ) perdeu apoio do Pal\u00e1cio do Planalto, do PMDB e do Centr\u00e3o (maior bloco parlamentar informal do Congresso) na luta para&#8230;<\/p>\n","protected":false},"author":1182,"featured_media":18249,"comment_status":"closed","ping_status":"closed","sticky":false,"template":"","format":"standard","meta":{"footnotes":""},"categories":[6],"tags":[],"class_list":["post-19807","post","type-post","status-publish","format-standard","has-post-thumbnail","hentry","category-noticias"],"_links":{"self":[{"href":"https:\/\/www.sincomam.org.br\/index.php\/wp-json\/wp\/v2\/posts\/19807","targetHints":{"allow":["GET"]}}],"collection":[{"href":"https:\/\/www.sincomam.org.br\/index.php\/wp-json\/wp\/v2\/posts"}],"about":[{"href":"https:\/\/www.sincomam.org.br\/index.php\/wp-json\/wp\/v2\/types\/post"}],"author":[{"embeddable":true,"href":"https:\/\/www.sincomam.org.br\/index.php\/wp-json\/wp\/v2\/users\/1182"}],"replies":[{"embeddable":true,"href":"https:\/\/www.sincomam.org.br\/index.php\/wp-json\/wp\/v2\/comments?post=19807"}],"version-history":[{"count":1,"href":"https:\/\/www.sincomam.org.br\/index.php\/wp-json\/wp\/v2\/posts\/19807\/revisions"}],"predecessor-version":[{"id":19808,"href":"https:\/\/www.sincomam.org.br\/index.php\/wp-json\/wp\/v2\/posts\/19807\/revisions\/19808"}],"wp:featuredmedia":[{"embeddable":true,"href":"https:\/\/www.sincomam.org.br\/index.php\/wp-json\/wp\/v2\/media\/18249"}],"wp:attachment":[{"href":"https:\/\/www.sincomam.org.br\/index.php\/wp-json\/wp\/v2\/media?parent=19807"}],"wp:term":[{"taxonomy":"category","embeddable":true,"href":"https:\/\/www.sincomam.org.br\/index.php\/wp-json\/wp\/v2\/categories?post=19807"},{"taxonomy":"post_tag","embeddable":true,"href":"https:\/\/www.sincomam.org.br\/index.php\/wp-json\/wp\/v2\/tags?post=19807"}],"curies":[{"name":"wp","href":"https:\/\/api.w.org\/{rel}","templated":true}]}}