{"id":19801,"date":"2016-06-13T11:09:28","date_gmt":"2016-06-13T14:09:28","guid":{"rendered":"http:\/\/www.sincomam.org.br\/?p=19801"},"modified":"2016-06-13T11:09:28","modified_gmt":"2016-06-13T14:09:28","slug":"exportacoes-de-eletroeletronicos-crescem-19-entre-janeiro-e-maio","status":"publish","type":"post","link":"https:\/\/www.sincomam.org.br\/index.php\/exportacoes-de-eletroeletronicos-crescem-19-entre-janeiro-e-maio\/","title":{"rendered":"Exporta\u00e7\u00f5es de eletroeletr\u00f4nicos crescem 1,9% entre janeiro e maio"},"content":{"rendered":"<p>As exporta\u00e7\u00f5es de produtos el\u00e9tricos e eletr\u00f4nicos alcan\u00e7aram US$ 2,39 bilh\u00f5es de janeiro a maio de 2016, valor 1,9% acima do registrado no mesmo per\u00edodo de 2015 (US$ 2,35 bilh\u00f5es). As informa\u00e7\u00f5es s\u00e3o da Associa\u00e7\u00e3o Brasileira da Ind\u00fastria El\u00e9trica e Eletr\u00f4nica (Abinee).<\/p>\n<p>Entre os produtos mais exportados no per\u00edodo destacaram-se os de bens de Inform\u00e1tica (+60,4%), equipamentos industriais (+26,0%) e produtos de GTD (+16,5%). A exporta\u00e7\u00e3o dos produtos de telecomunica\u00e7\u00f5es cresceu tamb\u00e9m (15,5%).<\/p>\n<p>No m\u00eas de maio, as vendas do setor eletroeletr\u00f4nico no mercado externo totalizaram US$ 503 milh\u00f5es, valor 4,8% superior ao registrado em igual per\u00edodo do ano passado (U$ 481,2 milh\u00f5es). Este foi o 3\u00ba m\u00eas deste ano em que as exporta\u00e7\u00f5es de bens do setor apresentaram crescimento em rela\u00e7\u00e3o \u00e0s realizadas no mesmo per\u00edodo do ano passado.<\/p>\n<p>Importa\u00e7\u00f5es<br \/>J\u00e1 as importa\u00e7\u00f5es permaneceram em tend\u00eancia de queda e somaram US$ 2,1 bilh\u00f5es em maio deste ano, resultado 22,7% menor que o obtido em maio de 2015 (US$ 2,7 bilh\u00f5es). Foi o 26\u00ba m\u00eas consecutivo em que as importa\u00e7\u00f5es apresentaram montantes inferiores aos atingidos em iguais per\u00edodos de 2015. No m\u00eas, a importa\u00e7\u00e3o de equipamentos de inform\u00e1tica caiu 16,7%. A de equipamentos de telecomunica\u00e7\u00f5es caiu 9,8%.<\/p>\n<p>De acordo com o Departamento de Economia da Abinee, estes dados indicam uma substitui\u00e7\u00e3o das importa\u00e7\u00f5es, em fun\u00e7\u00e3o da valoriza\u00e7\u00e3o do real, que encarece os produtos importados. Conforme a Sondagem realizada com associados da Abinee em dezembro de 2015, 42% das empresas pesquisadas informaram que pensam ou j\u00e1 est\u00e3o nacionalizando a fabrica\u00e7\u00e3o de algum produto em fun\u00e7\u00e3o do novo patamar da taxa de c\u00e2mbio.<\/p>\n<p>No acumulado dos primeiros cinco meses de 2016, o total importado pelo setor foi de US$ 9,6 bilh\u00f5es, uma queda de 37,5% na compara\u00e7\u00e3o com igual per\u00edodo de 2015 (US$ 15,3 bilh\u00f5es). De janeiro a maio, todas as \u00e1reas apresentaram redu\u00e7\u00e3o nas importa\u00e7\u00f5es com taxas que variaram de -20% a -50%. As importa\u00e7\u00f5es de Utilidades Dom\u00e9sticas recuaram 48,7%; os componentes el\u00e9tricos e eletr\u00f4nicos (respons\u00e1veis por 57% do total importado) registraram queda de 39,6% no total importado no per\u00edodo (US$ 5,5 bilh\u00f5es).<\/p>\n<p>Saldo da balan\u00e7a do setor eletroeletr\u00f4nico<br \/>O d\u00e9ficit da balan\u00e7a comercial dos produtos el\u00e9tricos e eletr\u00f4nicos somou US$ 7,19 bilh\u00f5es no acumulado de janeiro a maio de 2016, 45% abaixo do apontado nos primeiros cinco meses do ano passado (US$ 12,98 bilh\u00f5es).<\/p>\n<p>\u00c9 importante lembrar que, desde junho de 2014, o d\u00e9ficit da balan\u00e7a do setor, no acumulado do ano, come\u00e7ou a registrar resultados abaixo dos apontados nos mesmos per\u00edodos do ano anterior.<\/p>\n<p>\u201cAs importa\u00e7\u00f5es permanecem em queda em consequ\u00eancia da retra\u00e7\u00e3o da produ\u00e7\u00e3o industrial e do mercado interno\u201d, afirma o presidente da Abinee, Humberto Barbato. \u201cMas as exporta\u00e7\u00f5es, ainda de uma maneira modesta, come\u00e7am a mostrar resultados um pouco melhores do que os verificados no ano passado\u201d. (Com assessoria de imprensa)<\/p>\n<p>Tele Sintese<\/p>\n","protected":false},"excerpt":{"rendered":"<p>As exporta\u00e7\u00f5es de produtos el\u00e9tricos e eletr\u00f4nicos alcan\u00e7aram US$ 2,39 bilh\u00f5es de janeiro a maio de 2016, valor 1,9% acima do registrado no mesmo per\u00edodo&#8230;<\/p>\n","protected":false},"author":1182,"featured_media":18152,"comment_status":"closed","ping_status":"closed","sticky":false,"template":"","format":"standard","meta":{"footnotes":""},"categories":[6],"tags":[],"class_list":["post-19801","post","type-post","status-publish","format-standard","has-post-thumbnail","hentry","category-noticias"],"_links":{"self":[{"href":"https:\/\/www.sincomam.org.br\/index.php\/wp-json\/wp\/v2\/posts\/19801","targetHints":{"allow":["GET"]}}],"collection":[{"href":"https:\/\/www.sincomam.org.br\/index.php\/wp-json\/wp\/v2\/posts"}],"about":[{"href":"https:\/\/www.sincomam.org.br\/index.php\/wp-json\/wp\/v2\/types\/post"}],"author":[{"embeddable":true,"href":"https:\/\/www.sincomam.org.br\/index.php\/wp-json\/wp\/v2\/users\/1182"}],"replies":[{"embeddable":true,"href":"https:\/\/www.sincomam.org.br\/index.php\/wp-json\/wp\/v2\/comments?post=19801"}],"version-history":[{"count":1,"href":"https:\/\/www.sincomam.org.br\/index.php\/wp-json\/wp\/v2\/posts\/19801\/revisions"}],"predecessor-version":[{"id":19802,"href":"https:\/\/www.sincomam.org.br\/index.php\/wp-json\/wp\/v2\/posts\/19801\/revisions\/19802"}],"wp:featuredmedia":[{"embeddable":true,"href":"https:\/\/www.sincomam.org.br\/index.php\/wp-json\/wp\/v2\/media\/18152"}],"wp:attachment":[{"href":"https:\/\/www.sincomam.org.br\/index.php\/wp-json\/wp\/v2\/media?parent=19801"}],"wp:term":[{"taxonomy":"category","embeddable":true,"href":"https:\/\/www.sincomam.org.br\/index.php\/wp-json\/wp\/v2\/categories?post=19801"},{"taxonomy":"post_tag","embeddable":true,"href":"https:\/\/www.sincomam.org.br\/index.php\/wp-json\/wp\/v2\/tags?post=19801"}],"curies":[{"name":"wp","href":"https:\/\/api.w.org\/{rel}","templated":true}]}}