{"id":19784,"date":"2016-06-10T08:20:44","date_gmt":"2016-06-10T11:20:44","guid":{"rendered":"http:\/\/www.sincomam.org.br\/?p=19784"},"modified":"2016-06-10T09:20:58","modified_gmt":"2016-06-10T12:20:58","slug":"dilma-diz-que-se-voltar-fara-plebiscito-por-eleicoes","status":"publish","type":"post","link":"https:\/\/www.sincomam.org.br\/index.php\/dilma-diz-que-se-voltar-fara-plebiscito-por-eleicoes\/","title":{"rendered":"Dilma diz que, se voltar, far\u00e1 plebiscito por elei\u00e7\u00f5es"},"content":{"rendered":"<p>A presidente afastada Dilma Rousseff\u00a0defendeu, em entrevista especial concedida \u00e0 TV Brasil, uma consulta popular caso o Senado\u00a0n\u00e3o decida pelo seu impedimento. Ao apresentador Lu\u00eds Nassif, Dilma disse que \u00e9 a popula\u00e7\u00e3o que tem que dizer se quer a continuidade de seu governo ou a realiza\u00e7\u00e3o de novas elei\u00e7\u00f5es.<\/p>\n<p>\u201cO pacto que vinha desde a Constitui\u00e7\u00e3o de 1988 foi rompido e n\u00e3o acredito que se recomponha esse pacto dentro de gabinete. Acredito que a popula\u00e7\u00e3o seja consultada\u201d, disse.<\/p>\n<p>Para ela, o pa\u00eds n\u00e3o conseguir\u00e1 superar a crise com o governo interino. Dilma acredita que o povo n\u00e3o ter\u00e1 confian\u00e7a no comando de Temer pelo fato de ele n\u00e3o ter passado pelo crivo das urnas.<\/p>\n<p>\u201cComo voc\u00ea acha que algu\u00e9m vai acreditar que os contratos ser\u00e3o mantidos se o maior contrato do pa\u00eds, que s\u00e3o as elei\u00e7\u00f5es, foi rompido?&#8221;, indagou. \u201cN\u00e3o acho poss\u00edvel fazer pacto nenhum com o governo Temer em exerc\u00edcio\u201d, completou.<\/p>\n<p>Dilma criticou uma vez mais a admissibilidade do processo de afastamento usando como o argumento o fato de que, embora a Constitui\u00e7\u00e3o preveja o impeachment, ela tamb\u00e9m estipula que \u00e9 preciso haver crime para que se categorize o impedimento.<\/p>\n<p>\u201cN\u00e3o \u00e9 poss\u00edvel dar um jeitinho e for\u00e7ar um pouquinho e tornar esse artigo el\u00e1stico e qualificar como crime aquilo que n\u00e3o \u00e9 crime. Os presidentes que me antecederam fizeram mais decretos do que eu. O senhor Fernando Henrique [Cardoso] fez entre 23 e 30 decretos do mesmo tipo\u201d, disse, referindo-se aos decretos de suplementa\u00e7\u00e3o or\u00e7ament\u00e1ria que embasaram o pedido de impeachment feito pelos advogados H\u00e9lio Bicudo, Miguel Reale Jr. e Jana\u00edna Pascoal.<\/p>\n<p>\u201cN\u00e3o \u00e9 o meu mandato, mas as consequ\u00eancias que tem sobre a democracia brasileira tirar um mandato. Isso n\u00e3o afeta s\u00f3 a Presid\u00eancia da Rep\u00fablica, afeta todos os Poderes\u201d, disse ela.<\/p>\n<p>Dilma disse que reivindica voltar ao posto por compreender que n\u00e3o cometeu crime. Ela criticou os que defendem um semiparlamentarismo, ou elei\u00e7\u00e3o indireta, por considerar que isso traria um grande risco ao pa\u00eds.<\/p>\n<p>A presidente afastada defendeu que haja uma reforma pol\u00edtica que discuta o tema. &#8220;N\u00e3o temos que acabar com o presidencialismo, temos que criar as condi\u00e7\u00f5es pela reforma pol\u00edtica&#8221;.<\/p>\n<p>Nesse contexto, ela defendeu novamente a consulta popular. \u201cS\u00f3 a consulta popular para lavar e enxaguar essa lamban\u00e7a que est\u00e1 sendo o governo Temer\u201d.<\/p>\n<p>Segundo ela, nos momentos de crise pelo qual o Brasil passou, na hist\u00f3ria da democracia recente, foi com o presidencialismo que o pa\u00eds superou as crises. &#8220;Foi sempre atrav\u00e9s do presidencialismo que o pa\u00eds conseguiu dar passos em dire\u00e7\u00e3o \u00e0 modernidade e \u00e0 inclus\u00e3o&#8221;.<\/p>\n<h3>Eduardo Cunha<\/h3>\n<p>Para Dilma, no final do seu primeiro mandato, come\u00e7ou a se desenhar, especialmente na C\u00e2mara dos Deputados, um movimento pol\u00edtico \u201cdo centro para a direita\u201d, com o surgimento de pautas conservadoras, processo, segundo ela, comandado pelo ent\u00e3o l\u00edder do PMDB e hoje presidente afastado da Casa, Eduardo Cunha (RJ). \u201cEle \u00e9 o l\u00edder da direita no centro. O processo culmina na elei\u00e7\u00e3o dele\u201d, disse.<\/p>\n<p>Com a ascens\u00e3o de Cunha \u00e0 presid\u00eancia da C\u00e2mara, a interlocu\u00e7\u00e3o do governo com o Casa ficou inviabilizada, de acordo com ela, porque o peemedebista tem \u201cpauta pr\u00f3pria\u201d.<\/p>\n<p>\u201cO grande problema de compor com o Eduardo Cunha \u00e9 que ele tem pauta pr\u00f3pria. No momento em que o centro passa ter pauta pr\u00f3pria, uma pauta conservadora, a negocia\u00e7\u00e3o fica dif\u00edcil\u201d.<\/p>\n<p>Dilma voltou a defender a tese de que o peemedebista acatou a den\u00fancia dos advogados contra ela em retalia\u00e7\u00e3o ao fato de o PT n\u00e3o ter se comprometido a votar, no Conselho de \u00c9tica, contra a abertura do processo de cassa\u00e7\u00e3o do mandato de Cunha.<\/p>\n<p>&#8220;Atribui-se a mim n\u00e3o querer conversar com parlamentares. Agora, n\u00e3o tem negocia\u00e7\u00e3o com certo tipo de pr\u00e1ticas. Quando come\u00e7a o aumento da investiga\u00e7\u00e3o que a Procuradoria-Geral da Rep\u00fablica faz sobre ele [Cunha], qual a rea\u00e7\u00e3o dele? Ou voc\u00ea me d\u00e1 tr\u00eas votos ou eu aceito a quest\u00e3o do impeachment. E a imprensa relata. Trata-se de uma chantagem expl\u00edcita.\u201d<\/p>\n<h3>Pol\u00edtica externa<\/h3>\n<p>A presidente afastada tamb\u00e9m criticou as a\u00e7\u00f5es tomadas pelo ministro das Rela\u00e7\u00f5es Exteriores, Jos\u00e9 Serra, em rela\u00e7\u00e3o a alguns pa\u00edses vizinhos. Ela defendeu a aproxima\u00e7\u00e3o do Brasil com pa\u00edses da regi\u00e3o e com a \u00c1frica, iniciada no governo Lula e mantida na sua gest\u00e3o.<\/p>\n<p>&#8220;Fomos capazes de refazer nossas rela\u00e7\u00f5es com a Am\u00e9rica Latina e com a \u00c1frica. Ter uma vis\u00e3o de fechar embaixada \u00e9 ter uma vis\u00e3o min\u00fascula da pol\u00edtica externa&#8221;.<\/p>\n<h3>Lava Jato<\/h3>\n<p>Perguntada sobre a Opera\u00e7\u00e3o Lava Jato e os casos de corrup\u00e7\u00e3o deflagrados no pa\u00eds recentemente com a a\u00e7\u00e3o da Pol\u00edcia Federal e do Minist\u00e9rio P\u00fablico, Dilma que disse que o grande problema da corrup\u00e7\u00e3o \u00e9 o controle privado que se faz das verbas do Estado.<\/p>\n<p>\u201cN\u00e3o se pode fazer a escandaliza\u00e7\u00e3o de investiga\u00e7\u00f5es sobre o crime de corrup\u00e7\u00e3o. O que tem que se fazer \u00e9, doa a quem doer, investigar e punir. Quando for as empresas \u00e9 aplicar multas. H\u00e1 uma hipocrisia imensa em rela\u00e7\u00e3o a essa quest\u00e3o das investiga\u00e7\u00f5es\u201d.<\/p>\n<h3>Celso Kamura<\/h3>\n<p>Sobre as den\u00fancias de que teve despesas com cabeleireiro pagas com dinheiro de propina, Dilma disse ter comprovantes de todas gastos que teve com o cabeleireiro Celso Kamura e a cabeleireira particular que a acompanha at\u00e9 hoje.<\/p>\n<p>Dilma contou que conheceu Kamura ap\u00f3s o fim do tratamento a que se submeteu para combater um linfoma, em 2009, por meio da empresa respons\u00e1vel por sua campanha \u00e0 presid\u00eancia.<\/p>\n<p>Kamura, segundo ela, a ajudou na fase em que seus cabelos voltaram a crescer. Para ela, esse tipo de acusa\u00e7\u00e3o \u00e9 uma tentativa intimid\u00e1-la.<\/p>\n<p>&#8220;Eles n\u00e3o v\u00e3o me calar porque v\u00e3o falar do meu cabelo. A sorte \u00e9 que tenho todos os comprovantes do pagamento, de transporte dele [Kamura] e da minha cabeleireira particular. Tamb\u00e9m disseram que comprei um teleprompter. J\u00e1 viu algu\u00e9m ter um teleprompter pessoal? Para que eu quero um teleprompter? Essa eu achei fant\u00e1stica&#8221;, ironizou, referindo-se ao aparelho usado pelas TVs que mostra o texto a ser falado por apresentadores de telejornais e programas jornal\u00edsticos.<\/p>\n","protected":false},"excerpt":{"rendered":"<p>A presidente afastada Dilma Rousseff\u00a0defendeu, em entrevista especial concedida \u00e0 TV Brasil, uma consulta popular caso o Senado\u00a0n\u00e3o decida pelo seu impedimento. Ao apresentador Lu\u00eds&#8230;<\/p>\n","protected":false},"author":1182,"featured_media":18128,"comment_status":"closed","ping_status":"closed","sticky":false,"template":"","format":"standard","meta":{"footnotes":""},"categories":[6],"tags":[],"class_list":["post-19784","post","type-post","status-publish","format-standard","has-post-thumbnail","hentry","category-noticias"],"_links":{"self":[{"href":"https:\/\/www.sincomam.org.br\/index.php\/wp-json\/wp\/v2\/posts\/19784","targetHints":{"allow":["GET"]}}],"collection":[{"href":"https:\/\/www.sincomam.org.br\/index.php\/wp-json\/wp\/v2\/posts"}],"about":[{"href":"https:\/\/www.sincomam.org.br\/index.php\/wp-json\/wp\/v2\/types\/post"}],"author":[{"embeddable":true,"href":"https:\/\/www.sincomam.org.br\/index.php\/wp-json\/wp\/v2\/users\/1182"}],"replies":[{"embeddable":true,"href":"https:\/\/www.sincomam.org.br\/index.php\/wp-json\/wp\/v2\/comments?post=19784"}],"version-history":[{"count":1,"href":"https:\/\/www.sincomam.org.br\/index.php\/wp-json\/wp\/v2\/posts\/19784\/revisions"}],"predecessor-version":[{"id":19785,"href":"https:\/\/www.sincomam.org.br\/index.php\/wp-json\/wp\/v2\/posts\/19784\/revisions\/19785"}],"wp:featuredmedia":[{"embeddable":true,"href":"https:\/\/www.sincomam.org.br\/index.php\/wp-json\/wp\/v2\/media\/18128"}],"wp:attachment":[{"href":"https:\/\/www.sincomam.org.br\/index.php\/wp-json\/wp\/v2\/media?parent=19784"}],"wp:term":[{"taxonomy":"category","embeddable":true,"href":"https:\/\/www.sincomam.org.br\/index.php\/wp-json\/wp\/v2\/categories?post=19784"},{"taxonomy":"post_tag","embeddable":true,"href":"https:\/\/www.sincomam.org.br\/index.php\/wp-json\/wp\/v2\/tags?post=19784"}],"curies":[{"name":"wp","href":"https:\/\/api.w.org\/{rel}","templated":true}]}}