{"id":19778,"date":"2016-06-10T09:11:29","date_gmt":"2016-06-10T12:11:29","guid":{"rendered":"http:\/\/www.sincomam.org.br\/?p=19778"},"modified":"2016-06-10T09:11:29","modified_gmt":"2016-06-10T12:11:29","slug":"terminal-maritimo-de-salvador-tera-eventos","status":"publish","type":"post","link":"https:\/\/www.sincomam.org.br\/index.php\/terminal-maritimo-de-salvador-tera-eventos\/","title":{"rendered":"Terminal Mar\u00edtimo de Salvador ter\u00e1 eventos"},"content":{"rendered":"<p>Finalmente arrendado pela iniciativa privada ap\u00f3s quase dois anos de incertezas, o Terminal Mar\u00edtimo de Salvador, ter\u00e1 outra utiliza\u00e7\u00e3o durante o per\u00edodo em que n\u00e3o estiver recebendo as grandiosas embarca\u00e7\u00f5es que chegam at\u00e9 a capital no per\u00edodo de alta esta\u00e7\u00e3o. A megaestrutura de vidro que serve como \u00e1rea de desembarque aos passageiros dos cruzeiros ser\u00e1 utilizada como espa\u00e7o de eventos.<\/p>\n<p>De acordo com o diretor do Cons\u00f3rcio Novo Terminal Mar\u00edtimo de Salvador (Contermas), Gilberto Torres de Menezes, o local possui estrutura, contando com ar condicionado central, banheiros, e salas que, no conjunto podem ser adaptadas, para sediar eventos como casamentos, formaturas, simp\u00f3sios e encontros executivos de uma forma geral.<\/p>\n<p>\u201cN\u00f3s n\u00e3o queremos ficar dependendo apenas dos embarques e desembarques dos navios, e, como a estrutura fica desocupada durante uma parte do ano, queremos aproveitar sua estrutura para lhe dar uma utilidade\u201d, explica Gilberto. O per\u00edodo em que o porto recebe as embarca\u00e7\u00f5es com maior freq\u00fc\u00eancia tem in\u00edcio em outubro e se encerra em meados de mar\u00e7o.<\/p>\n<p>O terminal ocupa uma \u00e1rea total de 11 mil m\u00b2, dos quais 7.680 m\u00b2 de \u00e1rea constru\u00edda, inclui uma esplanada com 3 mil m\u00b2 que vai descortinar para Avenida da Fran\u00e7a e o mar da Ba\u00eda de Todos os Santos, com a vista do Forte de S\u00e3o Marcelo. Nesta pra\u00e7a lateral, o objetivo \u00e9 utiliz\u00e1-la ao longo do ano inteiro com a realiza\u00e7\u00e3o de eventos de cunho cultural, como apresenta\u00e7\u00f5es musicais, feiras e exposi\u00e7\u00f5es.<\/p>\n<p>De acordo com Gilberto de Menezes, o cons\u00f3rcio s\u00f3 come\u00e7a a administrar o espa\u00e7o efetivamente dentro dos pr\u00f3ximos 60 dias. Assumindo a gest\u00e3o do espa\u00e7o, o Contermas dar\u00e1 in\u00edcio a apresenta\u00e7\u00e3o do novo terminal \u00e0s entidades do trade tur\u00edstico e gastron\u00f4mico da cidade, a fim de divulgar o espa\u00e7o como um novo local para sediar eventos do pequeno e m\u00e9dio porte. <br \/>No entanto, o diretor do cons\u00f3rcio destaca que o local n\u00e3o tem a finalidade de substituir o Centro de Conven\u00e7\u00f5es da cidade que est\u00e1 situado no Stiep. \u201cA estrutura do terminal pode ser adaptada para receber os eventos, mas n\u00e3o temos um audit\u00f3rio, nem um espa\u00e7o adequado para receber uma conven\u00e7\u00e3o de grande porte\u201d.<\/p>\n<p>SEGUNDO MOMENTO<br \/>O Contermas foi o vencedor do leil\u00e3o do terminal de passageiros do Porto de Salvador, realizado no \u00faltimo dia (24) de maio pela Ag\u00eancia Nacional de Transportes Aquavi\u00e1rios (Antaq), ap\u00f3s uma avalia\u00e7\u00e3o do \u00f3rg\u00e3o federal que definiu o cons\u00f3rcio, como tendo a melhor proposta de uso e preenchimento do espa\u00e7o. <br \/>Desde 2014, quando o equipamento come\u00e7ou a funcionar, o que mais se especulou era que o local se tornasse um novo centro comercial da regi\u00e3o, tal como um aeroshopping, onde h\u00e1 estabelecimentos gastron\u00f4micos e lojas de outros segmentos como moda, artesanato, etc.<\/p>\n<p>Segundo Gilberto de Menezes, existe sim uma pretens\u00e3o de transformar o local em um centro comercial, mas, essa s\u00f3 come\u00e7ar\u00e1 a ser estudada em um segundo momento, talvez em um per\u00edodo superior a um ano. <br \/>\u201cDevido ao atual per\u00edodo de dificuldade econ\u00f4mica pelo qual o pa\u00eds passa, n\u00e3o se pensa, neste momento, fazer uma nova \u00e1rea comercial, mas continua sendo \u00e9 uma proposta a ser estudada pelo cons\u00f3rcio posteriormente\u201d, explica o gestor.<\/p>\n<p>ARRENDAMENTO<br \/>O cons\u00f3rcio que venceu o leil\u00e3o do terminal tur\u00edstico da capital baiana \u00e9 formado pelas empresas Socicam Terminais Rodovi\u00e1rios e ABA Infraestrutura e Log\u00edstica, e arrematou a opera\u00e7\u00e3o da instala\u00e7\u00e3o por R$ 8,5 milh\u00f5es como valor de outorga.<br \/>O arrendat\u00e1rio se compromete com os investimentos de infraestrutura no local, estimados em cerca de R$ 7 milh\u00f5es. A empresa tamb\u00e9m pagar\u00e1 \u00e0 Companhia Docas do Estado da Bahia (Codeba), administradora do Porto de Salvador, um valor mensal de arrendamento que equivale a R$ 34,5 milh\u00f5es nos 25 anos do prazo do contrato.<\/p>\n<p>Fonte: Tribuna da Bahia<\/p>\n","protected":false},"excerpt":{"rendered":"<p>Finalmente arrendado pela iniciativa privada ap\u00f3s quase dois anos de incertezas, o Terminal Mar\u00edtimo de Salvador, ter\u00e1 outra utiliza\u00e7\u00e3o durante o per\u00edodo em que n\u00e3o&#8230;<\/p>\n","protected":false},"author":1182,"featured_media":19265,"comment_status":"closed","ping_status":"closed","sticky":false,"template":"","format":"standard","meta":{"footnotes":""},"categories":[6],"tags":[],"class_list":["post-19778","post","type-post","status-publish","format-standard","has-post-thumbnail","hentry","category-noticias"],"_links":{"self":[{"href":"https:\/\/www.sincomam.org.br\/index.php\/wp-json\/wp\/v2\/posts\/19778","targetHints":{"allow":["GET"]}}],"collection":[{"href":"https:\/\/www.sincomam.org.br\/index.php\/wp-json\/wp\/v2\/posts"}],"about":[{"href":"https:\/\/www.sincomam.org.br\/index.php\/wp-json\/wp\/v2\/types\/post"}],"author":[{"embeddable":true,"href":"https:\/\/www.sincomam.org.br\/index.php\/wp-json\/wp\/v2\/users\/1182"}],"replies":[{"embeddable":true,"href":"https:\/\/www.sincomam.org.br\/index.php\/wp-json\/wp\/v2\/comments?post=19778"}],"version-history":[{"count":1,"href":"https:\/\/www.sincomam.org.br\/index.php\/wp-json\/wp\/v2\/posts\/19778\/revisions"}],"predecessor-version":[{"id":19779,"href":"https:\/\/www.sincomam.org.br\/index.php\/wp-json\/wp\/v2\/posts\/19778\/revisions\/19779"}],"wp:featuredmedia":[{"embeddable":true,"href":"https:\/\/www.sincomam.org.br\/index.php\/wp-json\/wp\/v2\/media\/19265"}],"wp:attachment":[{"href":"https:\/\/www.sincomam.org.br\/index.php\/wp-json\/wp\/v2\/media?parent=19778"}],"wp:term":[{"taxonomy":"category","embeddable":true,"href":"https:\/\/www.sincomam.org.br\/index.php\/wp-json\/wp\/v2\/categories?post=19778"},{"taxonomy":"post_tag","embeddable":true,"href":"https:\/\/www.sincomam.org.br\/index.php\/wp-json\/wp\/v2\/tags?post=19778"}],"curies":[{"name":"wp","href":"https:\/\/api.w.org\/{rel}","templated":true}]}}