{"id":19759,"date":"2016-06-09T09:49:14","date_gmt":"2016-06-09T12:49:14","guid":{"rendered":"http:\/\/www.sincomam.org.br\/?p=19759"},"modified":"2016-06-09T09:49:14","modified_gmt":"2016-06-09T12:49:14","slug":"senado-prepara-acordao-para-barrar-prisoes-de-renan-e-juca","status":"publish","type":"post","link":"https:\/\/www.sincomam.org.br\/index.php\/senado-prepara-acordao-para-barrar-prisoes-de-renan-e-juca\/","title":{"rendered":"Senado prepara acord\u00e3o para barrar pris\u00f5es de Renan e Juc\u00e1"},"content":{"rendered":"<p>L\u00edderes da base aliada e da oposi\u00e7\u00e3o no Senadoarticulam um grande acordo para barrar no plen\u00e1rio da Casa eventual ordem de pris\u00e3o provis\u00f3ria do presidente do Senado, Renan Calheiros (PMDB-AL), e do senador Romero Juc\u00e1 (PMDB-RR). Os pedidos de pris\u00e3o foram feitos pelo procurador-geral da Rep\u00fablica, Rodrigo Janot, e ser\u00e3o avaliados pelo Supremo Tribunal Federal. Se a Corte determinar, os senadores s\u00f3 podem ser mantidos presos ap\u00f3s aprova\u00e7\u00e3o do Senado.<\/p>\n<p>O mesmo procedimento ocorreu com o senador cassado Delc\u00eddio Amaral (sem partido-MS). No caso dele, o plen\u00e1rio decidiu, em novembro de 2015, mant\u00ea-lo preso ap\u00f3s a determina\u00e7\u00e3o do STF.\u00a0<\/p>\n<p>Abandonado pelo comando do PT, na \u00e9poca sua legenda, Delc\u00eddio n\u00e3o contou tamb\u00e9m com gesto de solidariedade de nenhum integrante da bancada durante a vota\u00e7\u00e3o.<\/p>\n<p>Desta vez, por\u00e9m, com Renan e Juc\u00e1 a tend\u00eancia \u00e9 de que o plen\u00e1rio se comporte de maneira diferente. O argumento, segundo l\u00edderes ouvidos pelo jornal O Estado de S. Paulo, \u00e9 que o conte\u00fado que veio a p\u00fablico das conversas gravadas pelo ex-presidente da Transpetro S\u00e9rgio Machado n\u00e3o \u00e9 suficiente para levar um parlamentar \u00e0 pris\u00e3o.<\/p>\n<p>Al\u00e9m disso, h\u00e1 receio na Casa com os desdobramentos da dela\u00e7\u00e3o do empreiteiro Marcelo Odebrecht. As revela\u00e7\u00f5es do empres\u00e1rio podem levar a novos pedidos de pris\u00f5es. Segundo fontes, h\u00e1 mais de 30 senadores envolvidos, quase metade da Casa, composta por 81 integrantes.\u00a0<\/p>\n<p>Al\u00e9m disso, j\u00e1 s\u00e3o 12 os senadores investigados na Opera\u00e7\u00e3o Lava Jato com inqu\u00e9ritos em tramita\u00e7\u00e3o no STF.<\/p>\n<p>O discurso oficial, contudo, \u00e9 o de que com o que foi publicado at\u00e9 agora, a autoriza\u00e7\u00e3o de pris\u00e3o n\u00e3o passa na Casa. &#8220;Fizemos o pedido para ter acesso \u00e0 dela\u00e7\u00e3o e grava\u00e7\u00f5es do S\u00e9rgio Machado.\u00a0<\/p>\n<p>O procurador-geral que prove que teve e qual foi o flagrante&#8221;, disse o l\u00edder do PSDB, senador C\u00e1ssio Cunha Lima (PB).\u00a0<\/p>\n<p>&#8220;N\u00e3o \u00e9 uma quest\u00e3o de dar uma resposta institucional, porque pode parecer corporativismo, mas \u00e9 uma quest\u00e3o constitucional. Quem tem que mostrar o \u00f4nus da prova \u00e9 ele (Rodrigo Janot).&#8221;<\/p>\n<p>O l\u00edder do governo no Senado, Aloysio Nunes (PSDB-SP), tamb\u00e9m faz ressalvas aos pedidos baseados apenas no conte\u00fado que j\u00e1 foi publicado sobre as conversas gravadas por Machado.\u00a0<\/p>\n<p>&#8220;Na minha opini\u00e3o, n\u00e3o \u00e9 suficiente com o que tem. Pode ser que tenha havido coisas que eu n\u00e3o conhe\u00e7a, mas para mim, at\u00e9 aqui, \u00e9 uma mera especula\u00e7\u00e3o de conversas reservadas, sem nenhuma consequ\u00eancia pr\u00e1tica&#8221;, disse o tucano.<\/p>\n<p>Para o l\u00edder do PDT, Acyr Gurgacz (PDT-RO), o ministro do Supremo, Teori Zavascki, relator dos processos da Lava Jato, n\u00e3o chegar\u00e1 nem a pedir as pris\u00f5es.<\/p>\n<p>&#8220;Se for aquilo que vimos, \u00e9 fraco. Temos de aguardar. S\u00f3 com o que tem, o pr\u00f3prio Teori barra. Sem flagrante, o ministro n\u00e3o vai mandar para c\u00e1&#8221;, afirmou.<\/p>\n<h3><b>Petistas<\/b><\/h3>\n<p>Integrantes da c\u00fapula do PT no Senado tamb\u00e9m n\u00e3o pretendem causar constrangimentos a Renan e Juc\u00e1. Gestos de afagos foram feitos no mesmo dia em que veio a p\u00fablico o pedido de pris\u00e3o de Janot.<\/p>\n<p>&#8220;Eu queria cumprimentar vossa excel\u00eancia pela serenidade, firmeza e senso de responsabilidade com que vossa excel\u00eancia, ainda h\u00e1 pouco, se dirigiu \u00e0 Na\u00e7\u00e3o e a todos n\u00f3s, seus colegas aqui no Senado&#8221;, afirmou em plen\u00e1rio o senador Jorge Viana (PT-AC) &#8211; que assumiria a presid\u00eancia do Senado caso Renan fique impedido. Horas antes, Viana foi \u00e0 resid\u00eancia de Renan prestar solidariedade.\u00a0<\/p>\n<p>Al\u00e9m dele, a presidente afastada Dilma Rousseff tamb\u00e9m ligou para o peemedebista num gesto de apoio.<\/p>\n<p>O PT n\u00e3o firmou posi\u00e7\u00e3o sobre os pedidos de pris\u00e3o feitos por Janot. Seus principais dirigentes se calam sobre o tema, mas alguns falam em &#8220;arbitrariedade&#8221;.\u00a0<\/p>\n<p>A p\u00e1gina do partido na internet ignorou o assunto. O PT, por\u00e9m, tem tratado de forma distinta Renan e Sarney, com os quais ainda mant\u00e9m pontes, de Juc\u00e1 e Cunha, considerados inimigos.\u00a0<\/p>\n<p>Ainda assim, os petistas nem sequer reagiram ao arquivamento do pedido de cassa\u00e7\u00e3o de Juc\u00e1 no Conselho de \u00c9tica da Casa.<\/p>\n<p>Fonte: Exame<\/p>\n","protected":false},"excerpt":{"rendered":"<p>L\u00edderes da base aliada e da oposi\u00e7\u00e3o no Senadoarticulam um grande acordo para barrar no plen\u00e1rio da Casa eventual ordem de pris\u00e3o provis\u00f3ria do presidente&#8230;<\/p>\n","protected":false},"author":1182,"featured_media":18331,"comment_status":"closed","ping_status":"closed","sticky":false,"template":"","format":"standard","meta":{"footnotes":""},"categories":[6],"tags":[],"class_list":["post-19759","post","type-post","status-publish","format-standard","has-post-thumbnail","hentry","category-noticias"],"_links":{"self":[{"href":"https:\/\/www.sincomam.org.br\/index.php\/wp-json\/wp\/v2\/posts\/19759","targetHints":{"allow":["GET"]}}],"collection":[{"href":"https:\/\/www.sincomam.org.br\/index.php\/wp-json\/wp\/v2\/posts"}],"about":[{"href":"https:\/\/www.sincomam.org.br\/index.php\/wp-json\/wp\/v2\/types\/post"}],"author":[{"embeddable":true,"href":"https:\/\/www.sincomam.org.br\/index.php\/wp-json\/wp\/v2\/users\/1182"}],"replies":[{"embeddable":true,"href":"https:\/\/www.sincomam.org.br\/index.php\/wp-json\/wp\/v2\/comments?post=19759"}],"version-history":[{"count":1,"href":"https:\/\/www.sincomam.org.br\/index.php\/wp-json\/wp\/v2\/posts\/19759\/revisions"}],"predecessor-version":[{"id":19760,"href":"https:\/\/www.sincomam.org.br\/index.php\/wp-json\/wp\/v2\/posts\/19759\/revisions\/19760"}],"wp:featuredmedia":[{"embeddable":true,"href":"https:\/\/www.sincomam.org.br\/index.php\/wp-json\/wp\/v2\/media\/18331"}],"wp:attachment":[{"href":"https:\/\/www.sincomam.org.br\/index.php\/wp-json\/wp\/v2\/media?parent=19759"}],"wp:term":[{"taxonomy":"category","embeddable":true,"href":"https:\/\/www.sincomam.org.br\/index.php\/wp-json\/wp\/v2\/categories?post=19759"},{"taxonomy":"post_tag","embeddable":true,"href":"https:\/\/www.sincomam.org.br\/index.php\/wp-json\/wp\/v2\/tags?post=19759"}],"curies":[{"name":"wp","href":"https:\/\/api.w.org\/{rel}","templated":true}]}}