{"id":19756,"date":"2016-06-09T09:47:25","date_gmt":"2016-06-09T12:47:25","guid":{"rendered":"http:\/\/www.sincomam.org.br\/?p=19756"},"modified":"2016-06-09T09:47:25","modified_gmt":"2016-06-09T12:47:25","slug":"maioria-dos-antidepressivos-e-ineficaz-em-criancas","status":"publish","type":"post","link":"https:\/\/www.sincomam.org.br\/index.php\/maioria-dos-antidepressivos-e-ineficaz-em-criancas\/","title":{"rendered":"Maioria dos antidepressivos \u00e9 ineficaz em crian\u00e7as"},"content":{"rendered":"<p>A maioria dos rem\u00e9dios antidepressivos \u00e9 ineficaz em\u00a0crian\u00e7as e adolescentes que sofrem de depress\u00e3o grave, podendo ser, eventualmente, at\u00e9 perigoso, aponta um amplo estudo publicado nesta quinta-feira no peri\u00f3dico m\u00e9dico brit\u00e2nico The Lancet.<\/p>\n<p>Realizado por um grupo internacional de pesquisadores, o estudo rev\u00ea 34 testes em mais de 5.000 crian\u00e7as e adolescentes, com idades entre 9 e 18 anos, envolvendo 14 antidepressivos.<\/p>\n<p>Apenas um desses medicamentos, a fluoxetina &#8211; comercializada principalmente como Prozac -, mostrou-se mais eficaz do que um placebo para tratar dos sintomas de uma depress\u00e3o.<\/p>\n<p>A fluoxetina tamb\u00e9m \u00e9 mais bem tolerada do que os demais antidepressivos.<\/p>\n<p>No sentido contr\u00e1rio, a nortriptilina foi considerada a menos eficaz dos 14 antidepressivos estudados, e a imipramina, a menos tolerada. J\u00e1 a venlafaxina est\u00e1 associada a um risco crescente de pensamentos suicidas.<\/p>\n<p>Os pesquisadores reconhecem, por\u00e9m, que a verdadeira efic\u00e1cia e os riscos de efeitos colaterais indesej\u00e1veis graves desses medicamentos continuam no campo do desconhecido, devido \u00e0 fragilidade dos testes cl\u00ednicos existentes.<\/p>\n<p>\u00c9 o caso, sobretudo, dos pensamentos e comportamentos suicidas ligados aos antidepressivos.\u00a0<\/p>\n<p>Em um coment\u00e1rio agregado ao estudo, o pesquisador australiano Jon Jureidini destaca que, no que diz respeito \u00e0 paroxetina, eles atingem 10% em uma nova an\u00e1lise de dados, contra 3% em estudos j\u00e1 publicados.<\/p>\n<p>Segundo estimativas citadas pelo estudo, 2,8% das crian\u00e7as entre 6 e 12 anos e 5,6% dos adolescentes sofrem de problemas depressivos graves nos pa\u00edses desenvolvidos. Esse n\u00famero pode estar subestimado, levando-se em conta a dificuldade de diagnosticar a patologia.<\/p>\n<p>Esses sintomas s\u00e3o diferentes dos observados nos adultos e incluem, em especial, irritabilidade, n\u00e3o querer ir \u00e0 escola, ou comportamento agressivo.<\/p>\n<p>Em rela\u00e7\u00e3o aos antidepressivos &#8211; que tamb\u00e9m podem causar, al\u00e9m das ideias suicidas, dor de cabe\u00e7a, n\u00e1usea e ins\u00f4nia -, sua prescri\u00e7\u00e3o continua a aumentar, ainda que a maioria dos pa\u00edses ocidentais recomende, a partir de agora, que sejam reservados \u00e0s depress\u00f5es mais graves e ap\u00f3s o fracasso das psicoterapias.<\/p>\n<p>&#8220;Os antidepressivos n\u00e3o parecem oferecer um benef\u00edcio claro nas crian\u00e7as e nos adolescentes&#8221;, concluem os autores do estudo, que acrescentam que &#8220;a fluoxetina \u00e9, provavelmente, a melhor op\u00e7\u00e3o quando o tratamento medicamentoso \u00e9 indicado&#8221;.<\/p>\n<p>V\u00e1rios especialistas comemoraram os resultados do estudo, que fortalecem as recomenda\u00e7\u00f5es de pa\u00edses como a Fran\u00e7a, ou a Gr\u00e3-Bretanha, no que diz respeito \u00e0 prescri\u00e7\u00e3o de antidepressivos \u00e0s crian\u00e7as e aos adolescentes.<\/p>\n<p>O primeiro tratamento das depress\u00f5es em ambos os grupos deve continuar sendo &#8220;a abordagem psicol\u00f3gica, ou relacional&#8221;, que \u00e9 &#8220;mais eficaz no longo prazo&#8221;, disse \u00e0 AFP o vice-presidente da Sociedade Francesa de Psiquiatria da Crian\u00e7a e do Adolescente, Daniel Marcelli, que participou da elabora\u00e7\u00e3o das recomenda\u00e7\u00f5es francesas.<\/p>\n<p>&#8220;Estamos de acordo com as conclus\u00f5es dos autores, que consideram que os antidepressivos devem ser utilizados de forma sensata e acompanhados de perto&#8221;, declarou a psiquiatra brit\u00e2nica, Bernadka Dubicka.<\/p>\n","protected":false},"excerpt":{"rendered":"<p>A maioria dos rem\u00e9dios antidepressivos \u00e9 ineficaz em\u00a0crian\u00e7as e adolescentes que sofrem de depress\u00e3o grave, podendo ser, eventualmente, at\u00e9 perigoso, aponta um amplo estudo publicado&#8230;<\/p>\n","protected":false},"author":1182,"featured_media":19757,"comment_status":"closed","ping_status":"closed","sticky":false,"template":"","format":"standard","meta":{"footnotes":""},"categories":[6],"tags":[],"class_list":["post-19756","post","type-post","status-publish","format-standard","has-post-thumbnail","hentry","category-noticias"],"_links":{"self":[{"href":"https:\/\/www.sincomam.org.br\/index.php\/wp-json\/wp\/v2\/posts\/19756","targetHints":{"allow":["GET"]}}],"collection":[{"href":"https:\/\/www.sincomam.org.br\/index.php\/wp-json\/wp\/v2\/posts"}],"about":[{"href":"https:\/\/www.sincomam.org.br\/index.php\/wp-json\/wp\/v2\/types\/post"}],"author":[{"embeddable":true,"href":"https:\/\/www.sincomam.org.br\/index.php\/wp-json\/wp\/v2\/users\/1182"}],"replies":[{"embeddable":true,"href":"https:\/\/www.sincomam.org.br\/index.php\/wp-json\/wp\/v2\/comments?post=19756"}],"version-history":[{"count":1,"href":"https:\/\/www.sincomam.org.br\/index.php\/wp-json\/wp\/v2\/posts\/19756\/revisions"}],"predecessor-version":[{"id":19758,"href":"https:\/\/www.sincomam.org.br\/index.php\/wp-json\/wp\/v2\/posts\/19756\/revisions\/19758"}],"wp:featuredmedia":[{"embeddable":true,"href":"https:\/\/www.sincomam.org.br\/index.php\/wp-json\/wp\/v2\/media\/19757"}],"wp:attachment":[{"href":"https:\/\/www.sincomam.org.br\/index.php\/wp-json\/wp\/v2\/media?parent=19756"}],"wp:term":[{"taxonomy":"category","embeddable":true,"href":"https:\/\/www.sincomam.org.br\/index.php\/wp-json\/wp\/v2\/categories?post=19756"},{"taxonomy":"post_tag","embeddable":true,"href":"https:\/\/www.sincomam.org.br\/index.php\/wp-json\/wp\/v2\/tags?post=19756"}],"curies":[{"name":"wp","href":"https:\/\/api.w.org\/{rel}","templated":true}]}}