{"id":19737,"date":"2016-06-07T09:02:33","date_gmt":"2016-06-07T12:02:33","guid":{"rendered":"http:\/\/www.sincomam.org.br\/?p=19737"},"modified":"2016-06-07T09:02:33","modified_gmt":"2016-06-07T12:02:33","slug":"janot-pede-prisao-de-renan-sarney-e-juca-diz-jornal","status":"publish","type":"post","link":"https:\/\/www.sincomam.org.br\/index.php\/janot-pede-prisao-de-renan-sarney-e-juca-diz-jornal\/","title":{"rendered":"Janot pede pris\u00e3o de Renan, Sarney e Juc\u00e1, diz jornal"},"content":{"rendered":"<p>O procurador-geral da Rep\u00fablica,\u00a0Rodrigo Janot, pediu a pris\u00e3o do presidente do Senado, Renan Calheiros(PMDB-AL), do ex-presidente da Rep\u00fablica Jos\u00e9 Sarney(PMDB-AP) e do senador Romero Juc\u00e1 (PMDB-RR) ao Supremo Tribunal Federal (STF) sob a acusa\u00e7\u00e3o de terem tentado obstruir a opera\u00e7\u00e3o Lava Jato, segundo reportagem do jornal O Globo nesta ter\u00e7a-feira.<\/p>\n<p>Os pedidos de pris\u00e3o t\u00eam como base conversas gravadas pelo ex-presidente da Transpetro S\u00e9rgio Machado e um filho dele no \u00e2mbito de acordos de dela\u00e7\u00e3o premiada com as autoridades da Lava Jato, e est\u00e3o nas m\u00e3os do ministro do STF Teori Zavascki, de acordo com o jornal.<\/p>\n<p>O Globo afirma que a fonte da informa\u00e7\u00e3o \u00e9 um interlocutor de um ministro do STF, que n\u00e3o foi identificado. Segundo a fonte citada pelo jornal, Renan, Sarney e Juc\u00e1 planejavam derrubar toda a Lava Jato, que investiga um esquema bilion\u00e1rio de corrup\u00e7\u00e3o que envolve principalmente a Petrobras, empreiteiras e pol\u00edticos.<\/p>\n<p>As grava\u00e7\u00f5es feitas por Machado de conversas com seus ex-aliados do PMDB representam a maior crise at\u00e9 o momento do governo do presidente interino Michel Temer, que j\u00e1 perdeu dois ministros por conta do vazamentos dos \u00e1udios em menos de um m\u00eas de administra\u00e7\u00e3o.<\/p>\n<p>O senador Juc\u00e1 perdeu o cargo de ministro do Planejamento ao ser flagrado supostamente sugerindo que uma troca no governo federal, com a sa\u00edda da agora presidente afastada Dilma Rousseff, resultaria em pacto para frear os avan\u00e7os da Lava Jato. Depois, Fabiano Silveira deixou o comando do Minist\u00e9rio da Transpar\u00eancia devido ao vazamento de declara\u00e7\u00f5es dele criticando a opera\u00e7\u00e3o, em uma conversa com a presen\u00e7a de Renan.<\/p>\n<p>Em sua dela\u00e7\u00e3o, Machado tamb\u00e9m afirmou que pagou 70 milh\u00f5es de reais em propina de contratos da Transpetro para Renan, Juc\u00e1 e Sarney), entre outros l\u00edderes peemedebistas, segundo reportagens publicadas no fim de semana.<\/p>\n<p>Os peemedebistas citados t\u00eam negado repetidamente qualquer irregularidade.<\/p>\n","protected":false},"excerpt":{"rendered":"<p>O procurador-geral da Rep\u00fablica,\u00a0Rodrigo Janot, pediu a pris\u00e3o do presidente do Senado, Renan Calheiros(PMDB-AL), do ex-presidente da Rep\u00fablica Jos\u00e9 Sarney(PMDB-AP) e do senador Romero Juc\u00e1&#8230;<\/p>\n","protected":false},"author":1182,"featured_media":19738,"comment_status":"closed","ping_status":"closed","sticky":false,"template":"","format":"standard","meta":{"footnotes":""},"categories":[6],"tags":[],"class_list":["post-19737","post","type-post","status-publish","format-standard","has-post-thumbnail","hentry","category-noticias"],"_links":{"self":[{"href":"https:\/\/www.sincomam.org.br\/index.php\/wp-json\/wp\/v2\/posts\/19737","targetHints":{"allow":["GET"]}}],"collection":[{"href":"https:\/\/www.sincomam.org.br\/index.php\/wp-json\/wp\/v2\/posts"}],"about":[{"href":"https:\/\/www.sincomam.org.br\/index.php\/wp-json\/wp\/v2\/types\/post"}],"author":[{"embeddable":true,"href":"https:\/\/www.sincomam.org.br\/index.php\/wp-json\/wp\/v2\/users\/1182"}],"replies":[{"embeddable":true,"href":"https:\/\/www.sincomam.org.br\/index.php\/wp-json\/wp\/v2\/comments?post=19737"}],"version-history":[{"count":1,"href":"https:\/\/www.sincomam.org.br\/index.php\/wp-json\/wp\/v2\/posts\/19737\/revisions"}],"predecessor-version":[{"id":19739,"href":"https:\/\/www.sincomam.org.br\/index.php\/wp-json\/wp\/v2\/posts\/19737\/revisions\/19739"}],"wp:featuredmedia":[{"embeddable":true,"href":"https:\/\/www.sincomam.org.br\/index.php\/wp-json\/wp\/v2\/media\/19738"}],"wp:attachment":[{"href":"https:\/\/www.sincomam.org.br\/index.php\/wp-json\/wp\/v2\/media?parent=19737"}],"wp:term":[{"taxonomy":"category","embeddable":true,"href":"https:\/\/www.sincomam.org.br\/index.php\/wp-json\/wp\/v2\/categories?post=19737"},{"taxonomy":"post_tag","embeddable":true,"href":"https:\/\/www.sincomam.org.br\/index.php\/wp-json\/wp\/v2\/tags?post=19737"}],"curies":[{"name":"wp","href":"https:\/\/api.w.org\/{rel}","templated":true}]}}