{"id":19733,"date":"2016-06-06T10:12:40","date_gmt":"2016-06-06T13:12:40","guid":{"rendered":"http:\/\/www.sincomam.org.br\/?p=19733"},"modified":"2016-06-06T10:13:35","modified_gmt":"2016-06-06T13:13:35","slug":"teto-do-plenario-iria-cair-diz-araujo-sobre-volta-de-cunha","status":"publish","type":"post","link":"https:\/\/www.sincomam.org.br\/index.php\/teto-do-plenario-iria-cair-diz-araujo-sobre-volta-de-cunha\/","title":{"rendered":"Cunha ainda interfere, diz chefe do Conselho de \u00c9tica"},"content":{"rendered":"<p>Em entrevista exclusiva a Exame, o presidente do Conselho de \u00c9tica e Decoro Parlamentar da C\u00e2mara dos Deputados, Jos\u00e9 Carlos Ara\u00fajo (PR-BA) comentou a influ\u00eancia de Eduardo Cunha\u00a0(PMDB-RJ) em seu processo de cassa\u00e7\u00e3o\u00a0e a real possibilidade de arquivamento em vota\u00e7\u00e3o.<\/p>\n<p>Para Ara\u00fajo, a miss\u00e3o de prever o resultado da vota\u00e7\u00e3o do parecer do relator Marcos Rog\u00e9rio (DEM-RO) \u00e9 das mais ingratas. \u201cSe eu pudesse adivinhar, eu jogava junto na loteria esportiva\u201d, disse.<\/p>\n<p>D\u00favidas a parte, o deputado se diz tranquilo com o resultado, seja ele qual for. Ara\u00fajo ressalta que a fun\u00e7\u00e3o do Conselho n\u00e3o \u00e9 trabalhar com finalidade, mas \u201cinvestigar\u201d, \u201capurar [as den\u00fancias] e levar \u00e0 mesa o resultado\u201d.<\/p>\n<p>\u201cEu fiz minha parte, estou com a consci\u00eancia tranquila\u201d, diz. \u201cO resto, paci\u00eancia.\u201d<\/p>\n<p>A sess\u00e3o que vota pela cassa\u00e7\u00e3o de Eduardo Cunha\u00a0acontece nesta ter\u00e7a-feira (7), \u00e0s 9h30. Est\u00e3o inscritos 17 deputados, com 10 minutos de tempo de fala assegurado, mas segundo Ara\u00fajo, podem virar \u201c25 ou 30\u201d parlamentares.<\/p>\n<p>Se n\u00e3o houver maioria dentro do Conselho, como quase aconteceu na recente vota\u00e7\u00e3o do parecer preliminar, o processo pode ser arquivado. Questionado sobre como a opini\u00e3o p\u00fablica reagiria a este resultado, Ara\u00fajo foi ao ponto.<\/p>\n<p>\u201cEu acho que o teto do plen\u00e1rio iria cair\u201d, disse.<\/p>\n<p>Independente do curso tomado pelo processo, parlamentares devem levar recursos \u00e0 Comiss\u00e3o de Constitui\u00e7\u00e3o e Justi\u00e7a e de Cidadania da C\u00e2mara. Depois de julgados, o processo volta para o Conselho de \u00c9tica e, se aceito, passa para a Mesa Diretora, travando a pauta e obrigando o plen\u00e1rio a deliberar. Com apoio de maioria simples de 257 dos 513 deputados ao relat\u00f3rio final, Cunha perde o mandato.<\/p>\n<p>Veja abaixo os principais trechos da conversa com Jos\u00e9 Carlos Ara\u00fajo, presidente do Conselho de \u00c9tica da C\u00e2mara, realizada na \u00faltima sexta-feira.<\/p>\n<p><strong>EXAME.com: O senhor est\u00e1 aliviado que o processo de cassa\u00e7\u00e3o esteja se encaminhando para o final?<\/strong><\/p>\n<p><strong>Jos\u00e9 Carlos Ara\u00fajo:<\/strong>\u00a0Como presidente do Conselho estou aliviado pelo sentimento de dever cumprido. J\u00e1 torcia para que cheg\u00e1ssemos ao fim da apura\u00e7\u00e3o. Come\u00e7amos a apurar h\u00e1 sete meses e realmente a gente torce para n\u00e3o deixar uma investiga\u00e7\u00e3o dessa pelo caminho. N\u00e3o estamos no fim, mas na reta final.<\/p>\n<p><strong>Considerando que o processo siga para o plen\u00e1rio, Eduardo Cunha tem for\u00e7a para evitar a cassa\u00e7\u00e3o, mesmo com todo o desgaste com a opini\u00e3o p\u00fablica e tudo o que j\u00e1 aconteceu?<\/strong><\/p>\n<p>H\u00e1 de se ter cuidado especial, por v\u00e1rios motivos. O processo \u00e9 delicado. \u00c9 a primeira vez na hist\u00f3ria do Legislativo que um presidente da Casa vai \u00e0 julgamento no Conselho de \u00c9tica.<\/p>\n<p>Ele segue sendo forte e ainda interfere, direta e indiretamente, no processo. Ele est\u00e1 afastado, mas mesmo assim tem interferido pessoalmente ou por seus seguidores. S\u00e3o quest\u00f5es de ordem, protestos, recursos, tudo.<\/p>\n<p>O 1\u00ba vice-presidente [Waldir Maranh\u00e3o] tamb\u00e9m est\u00e1 alinhado. A Casa inteira sabe que a interfer\u00eancia do Maranh\u00e3o \u00e9 para satisfazer o presidente. Essas coisas todas continuam tendo que ser levadas em considera\u00e7\u00e3o.<\/p>\n<p><strong>O afastamento de Cunha, determinado pelo STF, ajudou os trabalhos do Conselho em alguma coisa?<\/strong><\/p>\n<p>De jeito nenhum. Continuou do mesmo jeito, manipulando, influenciando. Ele continua frequentando a C\u00e2mara, telefonando para os deputados, a influ\u00eancia dele est\u00e1 no ar.<\/p>\n<p>O STF fez o papel dele, mas, no fundo, caso a decis\u00e3o tenha sido para n\u00e3o interferir no processo, ele continuou interferindo. O que vai influenciar a\u00ed \u00e9 a opini\u00e3o p\u00fablica. Cada deputado tem consci\u00eancia do voto que vai dar, da repercuss\u00e3o do seu voto e do que seu eleitor vai pensar e como vai agir em fun\u00e7\u00e3o do voto que der, se v\u00e3o se sentir tra\u00eddos ou n\u00e3o.<\/p>\n<p><strong>Como Cunha influencia tanto outros deputados mesmo afastado e sem apoio do eleitorado?<\/strong><\/p>\n<p>Tem aquela m\u00fasica que diz &#8216;A pr\u00f3pria raz\u00e3o desconhece&#8217;. N\u00e3o \u00e9 assim que diz a m\u00fasica de Jo\u00e3o Gilberto? &#8216;O cora\u00e7\u00e3o tem raz\u00f5es que a pr\u00f3pria raz\u00e3o desconhece&#8217;. No caso, \u00e9 a C\u00e2mara que tem raz\u00f5es que a pr\u00f3pria raz\u00e3o desconhece.<\/p>\n<p><strong>O processo foi o mais longo da hist\u00f3ria&#8230;<\/strong><\/p>\n<p>Foi, n\u00e3o! Est\u00e1 sendo!<\/p>\n<p><strong>Mas essa demora toda esfria a pauta e favorece Cunha?<\/strong><\/p>\n<p>Isso, na verdade, vira um desgaste para a Casa. Para o Legislativo, para os deputados e todos os envolvidos no contexto geral. Chega o determinado momento que as pessoas come\u00e7am a ver o pr\u00f3prio Cunha como um entrave n\u00e3o resolvido por n\u00f3s.<\/p>\n<p>Todo lugar que eu chego me perguntam: &#8216;Esse Cunha sai ou n\u00e3o?&#8217;<\/p>\n<p>Como pouca gente conhece o processo legislativo, em que temos que dar amplo direito de defesa como qualquer processo penal, h\u00e1 diversos recursos para protelar. \u00c9 assim que os deputados aliados atrasam e atrapalham. Usam de todas as formas, como advogados de defesa.<\/p>\n<p>A vantagem para ele? Tem. Se as coisas andassem logo, poder\u00edamos ter um desfecho final h\u00e1 dois, tr\u00eas meses. E um desfecho que pode ser bem ruim para ele, ent\u00e3o quanto se segurar, melhor.<\/p>\n<p><strong>H\u00e1 progn\u00f3stico para o resultado?<\/strong><\/p>\n<p>Se eu pudesse adivinhar, eu jogava junto na loteria esportiva. O resultado da vota\u00e7\u00e3o est\u00e1 mais dif\u00edcil de saber do que os n\u00fameros da loto. Ningu\u00e9m sabe o que pode acontecer.<\/p>\n<p>Vai come\u00e7ar e acabar, mas o resultado&#8230; \u00c9 um problema.<\/p>\n<p><strong>Est\u00e1 pronto para o voto de minerva? J\u00e1 est\u00e1 de opini\u00e3o formada?<\/strong><\/p>\n<p>Se for necess\u00e1rio, claro que estou pronto. Eu assisti do primeiro ao \u00faltimo dia o que aconteceu. Junto com o Brasil inteiro vimos tudo o que foi apresentado. O relat\u00f3rio \u00e9 claro, n\u00e3o \u00e9?<\/p>\n<p><strong>Sofreu algum ass\u00e9dio pelo voto?<\/strong><\/p>\n<p>De forma alguma. Todo mundo sabe que n\u00e3o vou mudar o que eu penso.<\/p>\n<p><strong>E tem medo que o processo todo caia por terra na vota\u00e7\u00e3o?<\/strong><\/p>\n<p>N\u00e3o trabalhamos com finalidade. A \u00fanica necessidade \u00e9 concluir o processo. Se vai agradar ou desagradar algu\u00e9m, n\u00e3o cabe ao conselho. Nosso objetivo era apurar e levar \u00e0 mesa o resultado.<\/p>\n<p>Eu fiz minha parte, estou com a consci\u00eancia tranquila. Qual vai ser o resultado depende dos outros deputados. Acredito que cumpri com a obriga\u00e7\u00e3o, com meu dever, com o Brasil e a Bahia. O resto, paci\u00eancia.<\/p>\n<p><strong>Em caso de retorno, Cunha voltaria fortalecido? Como ficaria a opini\u00e3o p\u00fablica?<\/strong><\/p>\n<p>Eu acho que o teto do plen\u00e1rio iria cair.<\/p>\n<p><strong>Sobre a den\u00fancia na Corregedoria da C\u00e2mara que apareceu contra o senhor nesta semana. Teme ser afastado a essa altura do campeonato?<\/strong><\/p>\n<p>Faz parte da s\u00e9rie de manobras. S\u00e3o coisas sem fundamento. Eu j\u00e1 tinha mostrado no Conselho de \u00c9tica que s\u00e3o mat\u00e9rias requentadas e que nada tem a ver com os trabalhos da C\u00e2mara. S\u00e3o querelas municipais que Eduardo Cunha articulou para que chegasse \u00e0 Casa, mas que nada podem me afetar por falta de decoro. As coisas n\u00e3o s\u00e3o verdadeiras.<\/p>\n<p>N\u00e3o temo em hip\u00f3tese nenhuma um afastamento, pois eu sempre acreditei em Deus e acredito na Justi\u00e7a. Isso seria uma grande injusti\u00e7a.<\/p>\n<p><strong>O que acha das pessoas ligadas a Cunha no governo Temer?<\/strong><\/p>\n<p>Acho que \u00e9 parte do processo, que tinha que acontecer. Ele \u00e9 do PMDB, logicamente que ele tem influ\u00eancia sobre diversas lideran\u00e7as. Mas eu sei que o presidente Michel Temer sabe separar o joio do trigo.<\/p>\n","protected":false},"excerpt":{"rendered":"<p>Em entrevista exclusiva a Exame, o presidente do Conselho de \u00c9tica e Decoro Parlamentar da C\u00e2mara dos Deputados, Jos\u00e9 Carlos Ara\u00fajo (PR-BA) comentou a influ\u00eancia&#8230;<\/p>\n","protected":false},"author":1182,"featured_media":18249,"comment_status":"closed","ping_status":"closed","sticky":false,"template":"","format":"standard","meta":{"footnotes":""},"categories":[6],"tags":[],"class_list":["post-19733","post","type-post","status-publish","format-standard","has-post-thumbnail","hentry","category-noticias"],"_links":{"self":[{"href":"https:\/\/www.sincomam.org.br\/index.php\/wp-json\/wp\/v2\/posts\/19733","targetHints":{"allow":["GET"]}}],"collection":[{"href":"https:\/\/www.sincomam.org.br\/index.php\/wp-json\/wp\/v2\/posts"}],"about":[{"href":"https:\/\/www.sincomam.org.br\/index.php\/wp-json\/wp\/v2\/types\/post"}],"author":[{"embeddable":true,"href":"https:\/\/www.sincomam.org.br\/index.php\/wp-json\/wp\/v2\/users\/1182"}],"replies":[{"embeddable":true,"href":"https:\/\/www.sincomam.org.br\/index.php\/wp-json\/wp\/v2\/comments?post=19733"}],"version-history":[{"count":3,"href":"https:\/\/www.sincomam.org.br\/index.php\/wp-json\/wp\/v2\/posts\/19733\/revisions"}],"predecessor-version":[{"id":19736,"href":"https:\/\/www.sincomam.org.br\/index.php\/wp-json\/wp\/v2\/posts\/19733\/revisions\/19736"}],"wp:featuredmedia":[{"embeddable":true,"href":"https:\/\/www.sincomam.org.br\/index.php\/wp-json\/wp\/v2\/media\/18249"}],"wp:attachment":[{"href":"https:\/\/www.sincomam.org.br\/index.php\/wp-json\/wp\/v2\/media?parent=19733"}],"wp:term":[{"taxonomy":"category","embeddable":true,"href":"https:\/\/www.sincomam.org.br\/index.php\/wp-json\/wp\/v2\/categories?post=19733"},{"taxonomy":"post_tag","embeddable":true,"href":"https:\/\/www.sincomam.org.br\/index.php\/wp-json\/wp\/v2\/tags?post=19733"}],"curies":[{"name":"wp","href":"https:\/\/api.w.org\/{rel}","templated":true}]}}