{"id":19731,"date":"2016-06-06T10:09:31","date_gmt":"2016-06-06T13:09:31","guid":{"rendered":"http:\/\/www.sincomam.org.br\/?p=19731"},"modified":"2016-06-06T10:09:31","modified_gmt":"2016-06-06T13:09:31","slug":"parente-descarta-capitalizacao-na-petrobras","status":"publish","type":"post","link":"https:\/\/www.sincomam.org.br\/index.php\/parente-descarta-capitalizacao-na-petrobras\/","title":{"rendered":"Parente descarta capitaliza\u00e7\u00e3o na Petrobras"},"content":{"rendered":"<p>Pedro Parente assumiu a presid\u00eancia da Petrobras oficialmente ontem com um discurso que dever\u00e1 afastar as preocupa\u00e7\u00f5es sobre o ritmo com que iria tomar conhecimento dos desafios que o esperam na empresa de petr\u00f3leo mais endividada do mundo. N\u00e3o se esquivou de temas espinhosos, a come\u00e7ar pela capitaliza\u00e7\u00e3o da empresa, \u00e0 qual se mostrou contr\u00e1rio.<\/p>\n<p>Primeiro, disse, porque a capitaliza\u00e7\u00e3o &#8220;joga nas costas do contribuinte brasileiro a solu\u00e7\u00e3o de um problema que ele n\u00e3o ajudou a criar&#8221;. Em segundo porque &#8220;seria desconhecer o grav\u00edssimo quadro fiscal que o pa\u00eds enfrenta&#8221;. E em terceiro lugar citou &#8220;dificuldades que poder\u00e3o ser de dif\u00edcil supera\u00e7\u00e3o pr\u00e1tica&#8221;, j\u00e1 que isso exigiria participa\u00e7\u00e3o dos demais acionistas para n\u00e3o serem dilu\u00eddos. A solu\u00e7\u00e3o, segundo Parente, \u00e9 encontrar sa\u00eddas que n\u00e3o sejam uma inje\u00e7\u00e3o direta de capital pelo Tesouro Nacional.<\/p>\n<p>A \u00fanica pista que deu sobre o plano para recuperar a sa\u00fade financeira da empresa \u00e9 de que ele pode requerer altera\u00e7\u00f5es legais ou regulamentares que dependem do apoio do governo para darem resultado. E cobrou dos governos federal e estaduais estabilidade regulat\u00f3ria. Fez quest\u00e3o de refor\u00e7ar que o prop\u00f3sito \u00e9 equacionar a d\u00edvida de modo a reduzir custos sobre as novas d\u00edvidas e acelerar a explora\u00e7\u00e3o do pr\u00e9-sal.<\/p>\n<p>Ao mencionar desinvestimentos, disse que a companhia est\u00e1 aberta a parcerias, que elas s\u00e3o fundamentais e que poder\u00e3o ajudar a &#8220;captura de valor&#8221; do conjunto de ativos da Petrobras, enfatizando que n\u00e3o quer trazer &#8220;dogmas&#8221; para a discuss\u00e3o. O objetivo \u00e9 revisar em at\u00e9 120 dias a estrat\u00e9gia da companhia, que tem US$ 22 bilh\u00f5es em caixa e vai investir cerca de US$ 20 bilh\u00f5es este ano.<\/p>\n<p>Parente fez an\u00e1lise abrangente dos problemas que a companhia enfrentou nos \u00faltimos anos, mostrando que no curto espa\u00e7o de tempo entre o convite, aceita\u00e7\u00e3o do cargo e as reuni\u00f5es com executivos, captou os grandes temas.<\/p>\n<p>Em seu discurso, deixou clara, pela primeira vez em sete anos, a opini\u00e3o de um presidente da estatal sobre a pol\u00eamica lei que deu \u00e0 Petrobras a exclusividade na opera\u00e7\u00e3o do pr\u00e9-sal. Disse que a empresa apoia a revis\u00e3o da lei, com a substitui\u00e7\u00e3o da obriga\u00e7\u00e3o de participar com no m\u00ednimo 30% dos projetos, pelo direito de prefer\u00eancia. Segundo Parente, a lei n\u00e3o atende aos interesses da companhia e nem do pa\u00eds. Mencionou duas raz\u00f5es, a primeira delas a situa\u00e7\u00e3o financeira da Petrobras &#8211; cuja d\u00edvida l\u00edquida em mar\u00e7o atingiu US$ 103,8 bilh\u00f5es &#8211; e a segunda de natureza estrutural.<\/p>\n<p>&#8220;Se essa exig\u00eancia n\u00e3o for revista, a consequ\u00eancia ser\u00e1 retardar sem previs\u00e3o e explora\u00e7\u00e3o plena do potencial do pr\u00e9-sal. Mas a raz\u00e3o mais relevante tem natureza estrutural, essa obriga\u00e7\u00e3o retira a liberdade de escolha da empresa de somente participar na explora\u00e7\u00e3o e produ\u00e7\u00e3o dos campos que atendem o seu melhor interesse&#8221;.<\/p>\n<p>O executivo continuou dizendo que participar de empreendimentos considerados n\u00e3o priorit\u00e1rios ou mesmo sem viabilidade econ\u00f4mica seria &#8220;imperdo\u00e1vel&#8221;, considerando que a empresa tem a\u00e7\u00f5es em bolsa e &#8220;milhares de acionistas&#8221;.<\/p>\n<p>Mencionou tamb\u00e9m a imagem da Petrobras. Disse que empresa foi v\u00edtima de &#8220;uma quadrilha organizada para obter os mais escusos, desonestos, anti\u00e9ticos e criminosos objetivos&#8221;. Tamb\u00e9m afagou o ego ferido dos funcion\u00e1rios ao dizer que &#8220;uma min\u00fascula minoria envergonhou a imensa maioria de colaboradores&#8221; da empresa.<\/p>\n<p>Ao citar a participa\u00e7\u00e3o da Petrobras em projetos irrealistas &#8220;seja sob o ponto de vista de prazo de conclus\u00e3o, de seus custos finais e pelas premissas utilizadas&#8221; lembrou que essa combina\u00e7\u00e3o junto com a corrup\u00e7\u00e3o levaram a explos\u00e3o da d\u00edvida, que correspondia a 100% da gera\u00e7\u00e3o de caixa operacional em 2010, ano da capitaliza\u00e7\u00e3o, e aumentou para mais de 400% no fim de 2014, quando foi atingida pelas investiga\u00e7\u00f5es da Lava-Jato.<\/p>\n<p>&#8220;Em grande parte, por for\u00e7a dessa explos\u00e3o, a empresa paga taxas de juros sobre a sua d\u00edvida nova muito acima de seus concorrentes, e diversos outros indicadores, como o Credit Default Swaps (CDS) e os ratings da empresa s\u00e3o muito piores que os dos concorrentes&#8221;, disse.<\/p>\n<p>Lembrou adiante que apenas um ter\u00e7o da d\u00edvida acumulada pode ser atribu\u00edda \u00e0 explora\u00e7\u00e3o do pr\u00e9-sal, j\u00e1 que 45% dos investimentos ap\u00f3s a capitaliza\u00e7\u00e3o foram direcionados para projetos de &#8220;downstream&#8221;, a\u00ed inclu\u00eddas as grandes refinarias que n\u00e3o trouxeram retorno compat\u00edvel com o custo de capital.<\/p>\n<p>Na entrevista, disse que vai manter a diretoria e pediu que o presidente do conselho de administra\u00e7\u00e3o da Petrobras, Luiz Nelson Carvalho, respondesse sobre as cr\u00edticas feitas pela Federa\u00e7\u00e3o \u00danica dos Petroleiros (FUP) sobre sua passagem no governo FHC. A FUP chegou a enviar carta aos membros do conselho dizendo que Parente n\u00e3o deveria ser aprovado j\u00e1 que responderia a &#8220;a\u00e7\u00e3o por improbidade administrativa e que no passado causou preju\u00edzo de mais de US$ 1 bilh\u00e3o&#8221;, \u00e0 Petrobras.<\/p>\n<p>Carvalho foi ir\u00f4nico ao responder dizendo que ficou feliz &#8220;ao saber que os petroleiros est\u00e3o preocupados com os preju\u00edzos causados na empresa&#8221; completando que talvez a situa\u00e7\u00e3o n\u00e3o tivesse chegado a tal ponto &#8220;se tivessem tido essa preocupa\u00e7\u00e3o mais cedo&#8221;. Antes disso, esclareceu que o nome de Parente foi avaliado de acordo com as novas regras de governan\u00e7a, conformidade e integridade.<\/p>\n<p>No evento, que encheu mas n\u00e3o lotou o audit\u00f3rio da Petrobras, ficou evidenciada uma diverg\u00eancia entre a vis\u00e3o do novo presidente e a do ministro de Minas e Energia, Fernando Bezerra Filho, com rela\u00e7\u00e3o \u00e0 pol\u00edtica de pre\u00e7os dos combust\u00edveis praticada pela estatal.<\/p>\n<p>Quando questionado se a influ\u00eancia do governo na forma\u00e7\u00e3o de pre\u00e7os estava totalmente descartada, o ministro respondeu que n\u00e3o. &#8220;Isso a\u00ed, na verdade, a gente vai ter oportunidade de discutir. N\u00e3o \u00e9 s\u00f3 minist\u00e9rio de Minas e Energia. \u00c9 [minist\u00e9rio do] Planejamento, [minist\u00e9rio da] Fazenda. E a pr\u00f3pria diretoria que est\u00e1 chegando. E no momento oportuno falaremos sobre isso&#8221;, disse.<\/p>\n<p>Parente tinha acabado de fazer um discurso onde fez quest\u00e3o de frisar que a responsabilidade social da Petrobras n\u00e3o deve se confundir com as do Estado brasileiro. &#8220;Essa \u00e9 a determina\u00e7\u00e3o da Lei do Petr\u00f3leo, de 1997, que assegura a desregulamenta\u00e7\u00e3o dos pre\u00e7os e a independ\u00eancia financeira e operacional da empresa&#8221;, disse.<\/p>\n<p>Mais tarde, quando questionado sobre a disparidade de afirma\u00e7\u00f5es, Parente se disse tranquilo porque, segundo ele, tocar a empresa de forma independente foi condi\u00e7\u00e3o negociada com o presidente interino Michel Temer para aceitar o cargo. &#8220;Essa foi a premissa que me fez aceitar [o cargo]&#8221;.<\/p>\n<p>Fonte: Valor Economico<\/p>\n","protected":false},"excerpt":{"rendered":"<p>Pedro Parente assumiu a presid\u00eancia da Petrobras oficialmente ontem com um discurso que dever\u00e1 afastar as preocupa\u00e7\u00f5es sobre o ritmo com que iria tomar conhecimento&#8230;<\/p>\n","protected":false},"author":1182,"featured_media":17937,"comment_status":"closed","ping_status":"closed","sticky":false,"template":"","format":"standard","meta":{"footnotes":""},"categories":[6],"tags":[],"class_list":["post-19731","post","type-post","status-publish","format-standard","has-post-thumbnail","hentry","category-noticias"],"_links":{"self":[{"href":"https:\/\/www.sincomam.org.br\/index.php\/wp-json\/wp\/v2\/posts\/19731","targetHints":{"allow":["GET"]}}],"collection":[{"href":"https:\/\/www.sincomam.org.br\/index.php\/wp-json\/wp\/v2\/posts"}],"about":[{"href":"https:\/\/www.sincomam.org.br\/index.php\/wp-json\/wp\/v2\/types\/post"}],"author":[{"embeddable":true,"href":"https:\/\/www.sincomam.org.br\/index.php\/wp-json\/wp\/v2\/users\/1182"}],"replies":[{"embeddable":true,"href":"https:\/\/www.sincomam.org.br\/index.php\/wp-json\/wp\/v2\/comments?post=19731"}],"version-history":[{"count":1,"href":"https:\/\/www.sincomam.org.br\/index.php\/wp-json\/wp\/v2\/posts\/19731\/revisions"}],"predecessor-version":[{"id":19732,"href":"https:\/\/www.sincomam.org.br\/index.php\/wp-json\/wp\/v2\/posts\/19731\/revisions\/19732"}],"wp:featuredmedia":[{"embeddable":true,"href":"https:\/\/www.sincomam.org.br\/index.php\/wp-json\/wp\/v2\/media\/17937"}],"wp:attachment":[{"href":"https:\/\/www.sincomam.org.br\/index.php\/wp-json\/wp\/v2\/media?parent=19731"}],"wp:term":[{"taxonomy":"category","embeddable":true,"href":"https:\/\/www.sincomam.org.br\/index.php\/wp-json\/wp\/v2\/categories?post=19731"},{"taxonomy":"post_tag","embeddable":true,"href":"https:\/\/www.sincomam.org.br\/index.php\/wp-json\/wp\/v2\/tags?post=19731"}],"curies":[{"name":"wp","href":"https:\/\/api.w.org\/{rel}","templated":true}]}}