{"id":19698,"date":"2016-06-03T12:22:03","date_gmt":"2016-06-03T15:22:03","guid":{"rendered":"http:\/\/www.sincomam.org.br\/?p=19698"},"modified":"2016-06-03T12:22:03","modified_gmt":"2016-06-03T15:22:03","slug":"blatter-e-dois-ex-dirigentes-da-fifa-dividiram-us-80-mi","status":"publish","type":"post","link":"https:\/\/www.sincomam.org.br\/index.php\/blatter-e-dois-ex-dirigentes-da-fifa-dividiram-us-80-mi\/","title":{"rendered":"Blatter e dois ex-dirigentes da Fifa dividiram US$ 80 mi"},"content":{"rendered":"<div data-template-placeholder=\"content-placeholder\">\n<p>O ex-presidente da Fifa\u00a0Joseph Blatter e dois de seus colaboradores mais pr\u00f3ximos, J\u00e9r\u00f4me Valcke e Markus Kuttner, dividiram 80 milh\u00f5es de d\u00f3lares &#8220;em um esfor\u00e7o coordenado de enriquecimento pessoal&#8221; atrav\u00e9s de contratos e compensa\u00e7\u00f5es, ao longo dos \u00faltimos cinco anos, indicou nesta sexta-feira a Fifa.<\/p>\n<p>A Federa\u00e7\u00e3o Internacional de Futebol, com sede em Zurique, destacou que informou a justi\u00e7a su\u00ed\u00e7a e que vai compartilhar os dados com a justi\u00e7a americana.<\/p>\n<p>&#8220;Alguns contratos cont\u00eam dispositivos que parecem violar o direito su\u00ed\u00e7o&#8221;, exp\u00f5e a Fifa sobre o sistema de cl\u00e1usulas e bonifica\u00e7\u00f5es de seus tr\u00eas ex-dirigentes.<\/p>\n<p>&#8220;Parece um esfor\u00e7o coordenado pelos tr\u00eas ex-dirigentes da Fifa para enriquecer seus aumentos anuais de sal\u00e1rios, os b\u00f4nus relacionados com a Copa do Mundo e outros rendimentos nos \u00faltimos cinco anos&#8221;, completa a entidade.<\/p>\n<p>A Fifa cita exemplos. Em 30 de abril de 2011, Valcke, ent\u00e3o secret\u00e1rio-geral, e Kattner, na \u00e9poca secret\u00e1rio-geral adjunto, &#8220;conseguiram renova\u00e7\u00f5es de contrato de oito anos e meio, at\u00e9 2019, com b\u00f4nus de sa\u00edda generosos que garantiam o pagamento integral, a 17,8 milh\u00f5es de d\u00f3lares e 9,9 milh\u00f5es de d\u00f3lares respectivamente, caso deixassem de trabalhar na Fifa, caso Blatter n\u00e3o fosse reeleito&#8221;.<\/p>\n<p>Em 1 de dezembro de 2010, Blatter, Valcke e Kattner &#8220;receberam 23,4 milh\u00f5es de d\u00f3lares de b\u00f4nus especiais pela Copa do Mundo da \u00c1frica do Sul&#8221;, quatro meses depois do evento &#8220;e aparentemente sem um dispositivo de contrato&#8221; que estipulasse ou contemplasse as bonifica\u00e7\u00f5es.<\/p>\n<p>Blatter est\u00e1 atualmente suspenso por seis anos de qualquer atividade relacionada ao futebol por outro caso, o famoso e pol\u00eamico pagamento de 1,8 milh\u00e3o de euros a Michel Platini, ex-presidente da Uefa, que foi suspenso por quatro anos pela mesma quest\u00e3o, depois que sua puni\u00e7\u00e3o foi reduzida no m\u00eas passado pelo Tribunal Arbitral do Esporte (TAS).<\/p>\n<p>Valcke foi demitido da Fifa por suposto envolvimento em um caso de revenda de ingressos no mercado negro e est\u00e1 suspenso por 12 anos de qualquer atividade relacionada ao futebol. Kattner foi demitido em 23 de maio.<\/p>\n<p>Fonte; Exame<\/p>\n<div><\/div>\n<\/div>\n","protected":false},"excerpt":{"rendered":"<p>O ex-presidente da Fifa\u00a0Joseph Blatter e dois de seus colaboradores mais pr\u00f3ximos, J\u00e9r\u00f4me Valcke e Markus Kuttner, dividiram 80 milh\u00f5es de d\u00f3lares &#8220;em um esfor\u00e7o&#8230;<\/p>\n","protected":false},"author":1182,"featured_media":19699,"comment_status":"closed","ping_status":"closed","sticky":false,"template":"","format":"standard","meta":{"footnotes":""},"categories":[6],"tags":[],"class_list":["post-19698","post","type-post","status-publish","format-standard","has-post-thumbnail","hentry","category-noticias"],"_links":{"self":[{"href":"https:\/\/www.sincomam.org.br\/index.php\/wp-json\/wp\/v2\/posts\/19698","targetHints":{"allow":["GET"]}}],"collection":[{"href":"https:\/\/www.sincomam.org.br\/index.php\/wp-json\/wp\/v2\/posts"}],"about":[{"href":"https:\/\/www.sincomam.org.br\/index.php\/wp-json\/wp\/v2\/types\/post"}],"author":[{"embeddable":true,"href":"https:\/\/www.sincomam.org.br\/index.php\/wp-json\/wp\/v2\/users\/1182"}],"replies":[{"embeddable":true,"href":"https:\/\/www.sincomam.org.br\/index.php\/wp-json\/wp\/v2\/comments?post=19698"}],"version-history":[{"count":1,"href":"https:\/\/www.sincomam.org.br\/index.php\/wp-json\/wp\/v2\/posts\/19698\/revisions"}],"predecessor-version":[{"id":19700,"href":"https:\/\/www.sincomam.org.br\/index.php\/wp-json\/wp\/v2\/posts\/19698\/revisions\/19700"}],"wp:featuredmedia":[{"embeddable":true,"href":"https:\/\/www.sincomam.org.br\/index.php\/wp-json\/wp\/v2\/media\/19699"}],"wp:attachment":[{"href":"https:\/\/www.sincomam.org.br\/index.php\/wp-json\/wp\/v2\/media?parent=19698"}],"wp:term":[{"taxonomy":"category","embeddable":true,"href":"https:\/\/www.sincomam.org.br\/index.php\/wp-json\/wp\/v2\/categories?post=19698"},{"taxonomy":"post_tag","embeddable":true,"href":"https:\/\/www.sincomam.org.br\/index.php\/wp-json\/wp\/v2\/tags?post=19698"}],"curies":[{"name":"wp","href":"https:\/\/api.w.org\/{rel}","templated":true}]}}