{"id":19687,"date":"2016-06-03T12:13:59","date_gmt":"2016-06-03T15:13:59","guid":{"rendered":"http:\/\/www.sincomam.org.br\/?p=19687"},"modified":"2016-06-03T12:13:59","modified_gmt":"2016-06-03T15:13:59","slug":"dolar-recua-quase-15-e-vai-abaixo-de-r355","status":"publish","type":"post","link":"https:\/\/www.sincomam.org.br\/index.php\/dolar-recua-quase-15-e-vai-abaixo-de-r355\/","title":{"rendered":"D\u00f3lar recua quase 1,5% e vai abaixo de R$3,55"},"content":{"rendered":"<p>O\u00a0d\u00f3lar<a href=\"http:\/\/www.exame.com.br\/topicos\/dolar\"><strong>\u00a0<\/strong><\/a>recuava quase 1,5%\u00a0e voltava abaixo dos 3,55 reais nesta sexta-feira ap\u00f3s a cria\u00e7\u00e3o de vagas de emprego nos\u00a0Estados Unidos\u00a0ficar muito aqu\u00e9m do esperado em maio, enfraquecendo as expectativas de aumento de juros no curto prazo na maior economia do mundo.<\/p>\n<p>\u00c0s 10h22, o d\u00f3lar recuava 1,43%, a 3,5362 reais na venda, ap\u00f3s chegar a 3,5274 reais na m\u00ednima da sess\u00e3o.<\/p>\n<p>O d\u00f3lar futuro ca\u00eda por volta de 1,6%.<\/p>\n<p>&#8220;Tudo sugeria que o Fed podia subir juros muito em breve. Esse dado bate de frente com essa trajet\u00f3ria&#8221;, disse o economista-chefe da INVX Global Asset Management, Eduardo Velho, referindo-se ao Federal Reserve, banco central dos EUA.<\/p>\n<p>A economia dos EUA criou em maio o menor n\u00famero de vagas em mais de cinco anos, prejudicada pela greve de funcion\u00e1rios da Verizon e pela queda do emprego no setor de produ\u00e7\u00e3o de bens. Foram abertas apenas 38 mil vagas no m\u00eas passado, contra expectativas de 164 mil vagas em pesquisa da Reuters.<\/p>\n<p>Diversas autoridades do Fed, incluindo a chair Janet Yellen, vinham indicando que estavam confort\u00e1veis com aumento os juros talvez at\u00e9 mesmo neste m\u00eas. Chances menores de isso acontecer tendem a beneficiar ativos emergentes, que costumam atrair recursos estrangeiros com juros mais altos do que economias desenvolvidas.<\/p>\n<p>O d\u00f3lar recuou \u00e0 m\u00ednima desde 13 de maio frente a uma cesta de divisas nesta manh\u00e3.<\/p>\n<p>Em rela\u00e7\u00e3o ao cen\u00e1rio local, por\u00e9m, investidores continuavam cautelosos. Embora venham recebendo bem as sinaliza\u00e7\u00f5es do governo do presidente interino Michel Temer de austeridade fiscal, temem que ele enfrente dificuldades para avan\u00e7ar com a agenda no Congresso Nacional e ainda esperam mais medidas concretas.<\/p>\n<p>Na v\u00e9spera, Temer disse em entrevista ao SBT que n\u00e3o descarta recriar a CPMF, mas garantiu que qualquer aumento de impostos, se houver, ser\u00e1 tempor\u00e1rio.<\/p>\n<p>&#8220;O fator local ainda est\u00e1 muito nebuloso, falta clareza. Muito depende da capacidade do governo de consertar as contas p\u00fablicas e h\u00e1 muitas d\u00favidas sobre isso&#8221;, resumiu o superintendente de derivativos de uma gestora de recursos nacional.<\/p>\n<p>O Banco Central ainda n\u00e3o anunciou qualquer interven\u00e7\u00e3o cambial para esta sess\u00e3o, mantendo-se ausente do mercado pelo terceiro preg\u00e3o consecutivo.<\/p>\n<p>Fonte: Exame<\/p>\n","protected":false},"excerpt":{"rendered":"<p>O\u00a0d\u00f3lar\u00a0recuava quase 1,5%\u00a0e voltava abaixo dos 3,55 reais nesta sexta-feira ap\u00f3s a cria\u00e7\u00e3o de vagas de emprego nos\u00a0Estados Unidos\u00a0ficar muito aqu\u00e9m do esperado em maio,&#8230;<\/p>\n","protected":false},"author":1182,"featured_media":18161,"comment_status":"closed","ping_status":"closed","sticky":false,"template":"","format":"standard","meta":{"footnotes":""},"categories":[6],"tags":[],"class_list":["post-19687","post","type-post","status-publish","format-standard","has-post-thumbnail","hentry","category-noticias"],"_links":{"self":[{"href":"https:\/\/www.sincomam.org.br\/index.php\/wp-json\/wp\/v2\/posts\/19687","targetHints":{"allow":["GET"]}}],"collection":[{"href":"https:\/\/www.sincomam.org.br\/index.php\/wp-json\/wp\/v2\/posts"}],"about":[{"href":"https:\/\/www.sincomam.org.br\/index.php\/wp-json\/wp\/v2\/types\/post"}],"author":[{"embeddable":true,"href":"https:\/\/www.sincomam.org.br\/index.php\/wp-json\/wp\/v2\/users\/1182"}],"replies":[{"embeddable":true,"href":"https:\/\/www.sincomam.org.br\/index.php\/wp-json\/wp\/v2\/comments?post=19687"}],"version-history":[{"count":1,"href":"https:\/\/www.sincomam.org.br\/index.php\/wp-json\/wp\/v2\/posts\/19687\/revisions"}],"predecessor-version":[{"id":19688,"href":"https:\/\/www.sincomam.org.br\/index.php\/wp-json\/wp\/v2\/posts\/19687\/revisions\/19688"}],"wp:featuredmedia":[{"embeddable":true,"href":"https:\/\/www.sincomam.org.br\/index.php\/wp-json\/wp\/v2\/media\/18161"}],"wp:attachment":[{"href":"https:\/\/www.sincomam.org.br\/index.php\/wp-json\/wp\/v2\/media?parent=19687"}],"wp:term":[{"taxonomy":"category","embeddable":true,"href":"https:\/\/www.sincomam.org.br\/index.php\/wp-json\/wp\/v2\/categories?post=19687"},{"taxonomy":"post_tag","embeddable":true,"href":"https:\/\/www.sincomam.org.br\/index.php\/wp-json\/wp\/v2\/tags?post=19687"}],"curies":[{"name":"wp","href":"https:\/\/api.w.org\/{rel}","templated":true}]}}