{"id":19675,"date":"2016-06-02T08:45:23","date_gmt":"2016-06-02T11:45:23","guid":{"rendered":"http:\/\/www.sincomam.org.br\/?p=19675"},"modified":"2016-06-02T08:45:23","modified_gmt":"2016-06-02T11:45:23","slug":"novo-presidente-da-petrobras-diz-que-companhia-vai-vender-ativos","status":"publish","type":"post","link":"https:\/\/www.sincomam.org.br\/index.php\/novo-presidente-da-petrobras-diz-que-companhia-vai-vender-ativos\/","title":{"rendered":"Novo presidente da Petrobras diz que companhia vai vender ativos"},"content":{"rendered":"<p>A Petrobras registrou preju\u00edzo de R$ 1,246 bilh\u00e3o no primeiro trimestre de 2016 na compara\u00e7\u00e3o com o mesmo per\u00edodo do ano anterior. O endividamento bruto em reais da empresa \u00e9 de R$ 450 bilh\u00f5es.<\/p>\n<p>Parente disse que recentemente a emiss\u00e3o de t\u00edtulos da Petrobras teve demanda muito acima da oferta. \u201cVoc\u00eas conhecem a situa\u00e7\u00e3o do Tesouro Nacional. Existe um d\u00e9ficit [previsto para as contas p\u00fablicas] da ordem de R$ 170 bilh\u00f5es. Como \u00e9 que a empresa poderia pensar em contar com o Tesouro em uma situa\u00e7\u00e3o como essa?\u201d, questionou.<\/p>\n<p>\u201cPortanto, temos que ter realismo. Resolver essa situa\u00e7\u00e3o passa sim pela venda de ativos\u201d, enfatizou.<\/p>\n<p>Parente disse ainda que a Petrobras vai contribuir para reverter o atual cen\u00e1rio \u201cdif\u00edcil\u201d com queda da economia. \u201c\u00c9 um cen\u00e1rio dif\u00edcil com o PIB [Produto Interno Bruto] negativo, mas \u00e9 exatamente a for\u00e7a da empresa e o fato de que ela foi e vai voltar a ser o motor do nosso desenvolvimento, que vamos trabalhar e vamos contribuir para reverter esse PIB negativo\u201d, disse.<\/p>\n<p><strong>Pre\u00e7o de combust\u00edveis<\/strong><\/p>\n<p>O novo presidente da Petrobras enfatizou que a decis\u00e3o sobre pre\u00e7os de combust\u00edveis ser\u00e1 \u201cprofissional\u201d. \u201cA decis\u00e3o de pre\u00e7o \u00e9 de natureza empresarial. O governo n\u00e3o vai interferir na gest\u00e3o profissional que ele quer que a Petrobras tenha. Essa foi a orienta\u00e7\u00e3o do senhor presidente da Rep\u00fablica quando ele me convidou [para o cargo de presidente da Petrobras]\u201d. Parente enfatizou que a influ\u00eancia pol\u00edtica na Petrobras \u201cj\u00e1 acabou\u201d.<\/p>\n<p>Fonte:ABr<\/p>\n","protected":false},"excerpt":{"rendered":"<p>A Petrobras registrou preju\u00edzo de R$ 1,246 bilh\u00e3o no primeiro trimestre de 2016 na compara\u00e7\u00e3o com o mesmo per\u00edodo do ano anterior. O endividamento bruto&#8230;<\/p>\n","protected":false},"author":1182,"featured_media":18619,"comment_status":"closed","ping_status":"closed","sticky":false,"template":"","format":"standard","meta":{"footnotes":""},"categories":[6],"tags":[],"class_list":["post-19675","post","type-post","status-publish","format-standard","has-post-thumbnail","hentry","category-noticias"],"_links":{"self":[{"href":"https:\/\/www.sincomam.org.br\/index.php\/wp-json\/wp\/v2\/posts\/19675","targetHints":{"allow":["GET"]}}],"collection":[{"href":"https:\/\/www.sincomam.org.br\/index.php\/wp-json\/wp\/v2\/posts"}],"about":[{"href":"https:\/\/www.sincomam.org.br\/index.php\/wp-json\/wp\/v2\/types\/post"}],"author":[{"embeddable":true,"href":"https:\/\/www.sincomam.org.br\/index.php\/wp-json\/wp\/v2\/users\/1182"}],"replies":[{"embeddable":true,"href":"https:\/\/www.sincomam.org.br\/index.php\/wp-json\/wp\/v2\/comments?post=19675"}],"version-history":[{"count":1,"href":"https:\/\/www.sincomam.org.br\/index.php\/wp-json\/wp\/v2\/posts\/19675\/revisions"}],"predecessor-version":[{"id":19676,"href":"https:\/\/www.sincomam.org.br\/index.php\/wp-json\/wp\/v2\/posts\/19675\/revisions\/19676"}],"wp:featuredmedia":[{"embeddable":true,"href":"https:\/\/www.sincomam.org.br\/index.php\/wp-json\/wp\/v2\/media\/18619"}],"wp:attachment":[{"href":"https:\/\/www.sincomam.org.br\/index.php\/wp-json\/wp\/v2\/media?parent=19675"}],"wp:term":[{"taxonomy":"category","embeddable":true,"href":"https:\/\/www.sincomam.org.br\/index.php\/wp-json\/wp\/v2\/categories?post=19675"},{"taxonomy":"post_tag","embeddable":true,"href":"https:\/\/www.sincomam.org.br\/index.php\/wp-json\/wp\/v2\/tags?post=19675"}],"curies":[{"name":"wp","href":"https:\/\/api.w.org\/{rel}","templated":true}]}}