{"id":19671,"date":"2016-06-02T08:43:08","date_gmt":"2016-06-02T11:43:08","guid":{"rendered":"http:\/\/www.sincomam.org.br\/?p=19671"},"modified":"2016-06-02T08:43:08","modified_gmt":"2016-06-02T11:43:08","slug":"diretoria-da-sociedade-de-portos-e-hidrovia-busca-ampliar-estrutura-portuaria-no-vale-do-guapore","status":"publish","type":"post","link":"https:\/\/www.sincomam.org.br\/index.php\/diretoria-da-sociedade-de-portos-e-hidrovia-busca-ampliar-estrutura-portuaria-no-vale-do-guapore\/","title":{"rendered":"Diretoria da Sociedade de Portos e Hidrovia busca ampliar estrutura portu\u00e1ria no Vale do Guapor\u00e9"},"content":{"rendered":"<p>A Diretoria Executiva da Sociedade dos Portos e Hidrovias do Estado de Rond\u00f4nia (Soph), orientada pelo governador Conf\u00facio Moura, tratou na ultima segunda-feira (30), na Assembleia Legislativa, da amplia\u00e7\u00e3o das estruturas portu\u00e1rias no estado, especificamente em Costa Marques e Guajar\u00e1-Mirim. A diretoria \u00e9 composta pelo diretor presidente, Leudo Buriti; o diretor de fiscaliza\u00e7\u00e3o de opera\u00e7\u00e3o, Edinaldo Gon\u00e7alves (Caico); e o diretor administrativo financeiro, Jo\u00e3o Bosco de Ara\u00fajo.<\/p>\n<p>Eles foram recebidos pelo deputado Eur\u00edpedes Lebr\u00e3o, que tratou da necessidade de fiscaliza\u00e7\u00e3o, e atribuiu o impasse \u00e0 constru\u00e7\u00e3o da rodovia que termina no Forte Pr\u00edncipe da Beira. \u201cO Forte est\u00e1 sob a responsabilidade do Ex\u00e9rcito Brasileiro, \u00e9 um patrim\u00f4nio tombado pela Uni\u00e3o, precisar\u00edamos fazer um contrato de servid\u00e3o, transferindo uma parte daquela \u00e1rea para o governo estadual para que seja poss\u00edvel operacionalizar um porto p\u00fablico naquele ponto\u201d, defendeu Lebr\u00e3o.<\/p>\n<p>O deputado falou ainda sobre a possibilidade de integra\u00e7\u00e3o econ\u00f4mica entre os pa\u00edses com importa\u00e7\u00e3o e exporta\u00e7\u00e3o simult\u00e2nea de produtos de interesse m\u00fatuo. \u201cA Bol\u00edvia \u00e9 rica em sal, sulfato de am\u00f4nia e cloreto de pot\u00e1ssio. Se adquiridos aqui, esses produtos teriam uma redu\u00e7\u00e3o de custo consider\u00e1vel. Em contrapartida, eles t\u00eam necessidade de consumo do a\u00e7\u00facar, papel higi\u00eanico e refrigerante, por exemplo\u201d, acrescentou Lebr\u00e3o.<\/p>\n<p>Os diretores explicaram que a Lei Estadual n\u00ba 729, de 14 de julho de 1997, que criou a Soph, em sua ess\u00eancia autoriza a empresa p\u00fablica a desenvolver a rede hidrovi\u00e1ria de interior e infraestrutura portu\u00e1ria no Estado de Rond\u00f4nia. Dessa forma, cabe \u00e0 Sociedade de Portos e Hidrovia implantar, manter e melhorar o transporte aquavi\u00e1rio abrangendo portos e hidrovias no interior do estado. Al\u00e9m disso, apontaram o marco regulat\u00f3rio dos portos, a partir da Lei Federal n\u00ba 12.815 de 2013, que trata da explora\u00e7\u00e3o direta e indireta pela Uni\u00e3o dos portos e instala\u00e7\u00f5es portu\u00e1rias.<\/p>\n<p>\u201cTemos o intuito de promover a log\u00edstica, e entendemos a necessidade de regularizar o transporte de produtos e com\u00e9rcio na fronteira, dividida apenas pelo rio Guapor\u00e9. Para tanto, buscamos parceria com os parlamentares estaduais, representantes da popula\u00e7\u00e3o dessas regi\u00f5es e prefeituras para juntos encontrarmos uma solu\u00e7\u00e3o vi\u00e1vel\u201d, disse Leudo Buriti.<\/p>\n<p>A Diretoria Executiva da Soph esteve tamb\u00e9m no gabinete do deputado Dr. Neidson, que tem forte atua\u00e7\u00e3o em Guajar\u00e1-Mirim, e exp\u00f4s a possibilidade de instala\u00e7\u00e3o de um poligonal portu\u00e1rio na regi\u00e3o, uma vez que j\u00e1 existe um posto da Receita Federal na localidade.<\/p>\n<p>\u201cTemos uma equipe capacitada para fazer os estudos de viabilidade t\u00e9cnica e ambiental para a abertura de um porto p\u00fablico no munic\u00edpio. E quando pensamos em contribuir para a legalidade do transporte de produtos, propiciamos a gera\u00e7\u00e3o de emprego e renda daquela localidade\u201d, pontuou o presidente da Soph.<\/p>\n<p>Fonte:Secom &#8211; Governo de Rond\u00f4nia<\/p>\n","protected":false},"excerpt":{"rendered":"<p>A Diretoria Executiva da Sociedade dos Portos e Hidrovias do Estado de Rond\u00f4nia (Soph), orientada pelo governador Conf\u00facio Moura, tratou na ultima segunda-feira (30), na&#8230;<\/p>\n","protected":false},"author":1182,"featured_media":19595,"comment_status":"closed","ping_status":"closed","sticky":false,"template":"","format":"standard","meta":{"footnotes":""},"categories":[6],"tags":[],"class_list":["post-19671","post","type-post","status-publish","format-standard","has-post-thumbnail","hentry","category-noticias"],"_links":{"self":[{"href":"https:\/\/www.sincomam.org.br\/index.php\/wp-json\/wp\/v2\/posts\/19671","targetHints":{"allow":["GET"]}}],"collection":[{"href":"https:\/\/www.sincomam.org.br\/index.php\/wp-json\/wp\/v2\/posts"}],"about":[{"href":"https:\/\/www.sincomam.org.br\/index.php\/wp-json\/wp\/v2\/types\/post"}],"author":[{"embeddable":true,"href":"https:\/\/www.sincomam.org.br\/index.php\/wp-json\/wp\/v2\/users\/1182"}],"replies":[{"embeddable":true,"href":"https:\/\/www.sincomam.org.br\/index.php\/wp-json\/wp\/v2\/comments?post=19671"}],"version-history":[{"count":1,"href":"https:\/\/www.sincomam.org.br\/index.php\/wp-json\/wp\/v2\/posts\/19671\/revisions"}],"predecessor-version":[{"id":19672,"href":"https:\/\/www.sincomam.org.br\/index.php\/wp-json\/wp\/v2\/posts\/19671\/revisions\/19672"}],"wp:featuredmedia":[{"embeddable":true,"href":"https:\/\/www.sincomam.org.br\/index.php\/wp-json\/wp\/v2\/media\/19595"}],"wp:attachment":[{"href":"https:\/\/www.sincomam.org.br\/index.php\/wp-json\/wp\/v2\/media?parent=19671"}],"wp:term":[{"taxonomy":"category","embeddable":true,"href":"https:\/\/www.sincomam.org.br\/index.php\/wp-json\/wp\/v2\/categories?post=19671"},{"taxonomy":"post_tag","embeddable":true,"href":"https:\/\/www.sincomam.org.br\/index.php\/wp-json\/wp\/v2\/tags?post=19671"}],"curies":[{"name":"wp","href":"https:\/\/api.w.org\/{rel}","templated":true}]}}