{"id":19666,"date":"2016-06-01T00:05:59","date_gmt":"2016-06-01T03:05:59","guid":{"rendered":"http:\/\/www.sincomam.org.br\/?p=19666"},"modified":"2016-05-31T22:30:05","modified_gmt":"2016-06-01T01:30:05","slug":"acusado-de-agredir-ex-mulher-e-candidato-a-prefeitura-do-rio","status":"publish","type":"post","link":"https:\/\/www.sincomam.org.br\/index.php\/acusado-de-agredir-ex-mulher-e-candidato-a-prefeitura-do-rio\/","title":{"rendered":"Acusado de agredir ex-mulher \u00e9 candidato \u00e0 prefeitura do Rio"},"content":{"rendered":"<p>O secret\u00e1rio Executivo do Governo do Rio de Janeiro, Pedro Paulo Carvalho, vai se afastar das suas fun\u00e7\u00f5es para se candidatar \u00e0 prefeitura do Rio.<\/p>\n<p>De acordo com o jornal O Dia, em seu lugar ficar\u00e1 Rafael Picciani, secret\u00e1rio de Transportes, filho presidente do diret\u00f3rio regional do PMDB<b>\u00a0<\/b>e presidente da Assembleia Legislativa (Alerj), Jorge Picciani.<\/p>\n<p>O prazo final para que Carvalho deixe a pasta \u00e9 quinta-feira (2), quatro meses antes das elei\u00e7\u00f5es. No ano passado, o PMDB do Rio pensou em reavaliar sua candidatura. Carvalho \u00e9 acusado de ter agredido sua ex-mulher em 2010.<\/p>\n<p>De acordo com o relato de Alexandra Marcondes Teixeira, ap\u00f3s uma briga, Carvalho a atacou com chutes, socos e um golpe chegou a quebrar-lhe um dente. H\u00e1 tamb\u00e9m relatos de ofensas verbais a Alexandra, com xingamentos de \u201cvagabunda\u201d e \u201cpiranha\u201d, entre outros.<\/p>\n<p>A acusa\u00e7\u00e3o, acompanhada de laudo pericial do Instituto M\u00e9dico Legal, foi registrada na Delegacia da Mulher em Jacarepagu\u00e1 e, segundo informa\u00e7\u00f5es do Extra, ficou cinco anos parado: a pol\u00edcia nem chegou a ouvir o secret\u00e1rio.<\/p>\n<p>O caso s\u00f3 veio \u00e0 tona no ano passado, quando passou para as m\u00e3os do procurador-geral de Justi\u00e7a, Marfan Martins Vieira. Em fevereiro, o procurador-geral da Rep\u00fablica, Rodrigo Janot, enviou ao Supremo Tribunal Federal pedido de abertura de inqu\u00e9rito para investigar o secret\u00e1rio por les\u00e3o corporal.<\/p>\n<p>Na \u00e9poca, o prefeito do Rio, Eduardo Paes sustentou o apoio \u00e0 candidatura do ex-secret\u00e1rio e disse que a situa\u00e7\u00e3o trata-se de uma problema pessoal e n\u00e3o da dimens\u00e3o p\u00fablica. \u201cAspectos da vida dele, das brigas, do casamento, s\u00e3o um problema dele\u201d, disse ao Globo em novembro.<\/p>\n<p>Tudo indica que o apoio de Paes, ficou restrito ao avatar do Facebook.<\/p>\n<p>Fonte: Exame<\/p>\n","protected":false},"excerpt":{"rendered":"<p>O secret\u00e1rio Executivo do Governo do Rio de Janeiro, Pedro Paulo Carvalho, vai se afastar das suas fun\u00e7\u00f5es para se candidatar \u00e0 prefeitura do Rio&#8230;.<\/p>\n","protected":false},"author":1182,"featured_media":19667,"comment_status":"closed","ping_status":"closed","sticky":false,"template":"","format":"standard","meta":{"footnotes":""},"categories":[6],"tags":[],"class_list":["post-19666","post","type-post","status-publish","format-standard","has-post-thumbnail","hentry","category-noticias"],"_links":{"self":[{"href":"https:\/\/www.sincomam.org.br\/index.php\/wp-json\/wp\/v2\/posts\/19666","targetHints":{"allow":["GET"]}}],"collection":[{"href":"https:\/\/www.sincomam.org.br\/index.php\/wp-json\/wp\/v2\/posts"}],"about":[{"href":"https:\/\/www.sincomam.org.br\/index.php\/wp-json\/wp\/v2\/types\/post"}],"author":[{"embeddable":true,"href":"https:\/\/www.sincomam.org.br\/index.php\/wp-json\/wp\/v2\/users\/1182"}],"replies":[{"embeddable":true,"href":"https:\/\/www.sincomam.org.br\/index.php\/wp-json\/wp\/v2\/comments?post=19666"}],"version-history":[{"count":1,"href":"https:\/\/www.sincomam.org.br\/index.php\/wp-json\/wp\/v2\/posts\/19666\/revisions"}],"predecessor-version":[{"id":19668,"href":"https:\/\/www.sincomam.org.br\/index.php\/wp-json\/wp\/v2\/posts\/19666\/revisions\/19668"}],"wp:featuredmedia":[{"embeddable":true,"href":"https:\/\/www.sincomam.org.br\/index.php\/wp-json\/wp\/v2\/media\/19667"}],"wp:attachment":[{"href":"https:\/\/www.sincomam.org.br\/index.php\/wp-json\/wp\/v2\/media?parent=19666"}],"wp:term":[{"taxonomy":"category","embeddable":true,"href":"https:\/\/www.sincomam.org.br\/index.php\/wp-json\/wp\/v2\/categories?post=19666"},{"taxonomy":"post_tag","embeddable":true,"href":"https:\/\/www.sincomam.org.br\/index.php\/wp-json\/wp\/v2\/tags?post=19666"}],"curies":[{"name":"wp","href":"https:\/\/api.w.org\/{rel}","templated":true}]}}