{"id":19659,"date":"2016-06-02T00:40:59","date_gmt":"2016-06-02T03:40:59","guid":{"rendered":"http:\/\/www.sincomam.org.br\/?p=19659"},"modified":"2016-06-02T08:46:29","modified_gmt":"2016-06-02T11:46:29","slug":"setor-espera-mais-leiloes-na-mudanca-do-pre-sal","status":"publish","type":"post","link":"https:\/\/www.sincomam.org.br\/index.php\/setor-espera-mais-leiloes-na-mudanca-do-pre-sal\/","title":{"rendered":"Setor espera mais leil\u00f5es na mudan\u00e7a do pr\u00e9-sal"},"content":{"rendered":"<p>Apesar de ainda carregar R$ 500 milh\u00f5es em cr\u00e9ditos em atrasos em obras da Petrobras, os fabricantes de m\u00e1quinas para o setor t\u00eam alguns motivos para se animar, avalia o presidente do conselho de \u00f3leo e g\u00e1s da entidade, Cesar Prata, como o mercado externo e um poss\u00edvel aquecimento na demanda por equipamentos com mudan\u00e7as regulat\u00f3rias que facilitassem a realiza\u00e7\u00e3o dos leil\u00f5es das \u00e1reas do pr\u00e9-sal.<\/p>\n<p>Enquanto o mercado dom\u00e9stico enfrenta dificuldades com os cortes nos planos de investimentos da estatal, que \u00e9 quem movimenta em grande parte a demanda do mercado brasileiro, Prata acredita que a exporta\u00e7\u00e3o pode ser uma sa\u00edda para as companhias. A avalia\u00e7\u00e3o \u00e9 de que existe espa\u00e7o para os fabricantes brasileiros no mercado externo.<\/p>\n<p>A AZ-Armaturen, uma das empresas que tem valores pra receber de contratadas da Petrobras conta, para garantir o crescimento de sua receita, com a diversifica\u00e7\u00e3o dos segmentos de atua\u00e7\u00e3o no Brasil e investimentos para atuar no mercado externo.<\/p>\n<p>Al\u00e9m disso, a Abimaq recebe com anima\u00e7\u00e3o o retomada da discuss\u00e3o sobre a obrigatoriedade da entrada da petroleira em leil\u00f5es do pr\u00e9-sal. Em um cen\u00e1rio em que a Petrobras n\u00e3o precise entrar em todos os certames, diz Prata, &#8220;ter\u00edamos mais leil\u00f5es pela ANP (Ag\u00eancia Nacional de Petr\u00f3leo) com outras empresas participando e gerando mais demanda. Isso seria uma luz do fim do t\u00fanel&#8221;.<\/p>\n<p>A anima\u00e7\u00e3o do setor vem da not\u00edcia de que o governo teria definido como prioridade aproveitar um projeto do senador Jos\u00e9 Serra (PSDB) que prop\u00f5e mudan\u00e7as na atua\u00e7\u00e3o da estatal em contratos do pr\u00e9-sal.<\/p>\n<p>Fonte: Valor Economico<\/p>\n","protected":false},"excerpt":{"rendered":"<p>Apesar de ainda carregar R$ 500 milh\u00f5es em cr\u00e9ditos em atrasos em obras da Petrobras, os fabricantes de m\u00e1quinas para o setor t\u00eam alguns motivos&#8230;<\/p>\n","protected":false},"author":1182,"featured_media":18517,"comment_status":"closed","ping_status":"closed","sticky":false,"template":"","format":"standard","meta":{"footnotes":""},"categories":[6],"tags":[],"class_list":["post-19659","post","type-post","status-publish","format-standard","has-post-thumbnail","hentry","category-noticias"],"_links":{"self":[{"href":"https:\/\/www.sincomam.org.br\/index.php\/wp-json\/wp\/v2\/posts\/19659","targetHints":{"allow":["GET"]}}],"collection":[{"href":"https:\/\/www.sincomam.org.br\/index.php\/wp-json\/wp\/v2\/posts"}],"about":[{"href":"https:\/\/www.sincomam.org.br\/index.php\/wp-json\/wp\/v2\/types\/post"}],"author":[{"embeddable":true,"href":"https:\/\/www.sincomam.org.br\/index.php\/wp-json\/wp\/v2\/users\/1182"}],"replies":[{"embeddable":true,"href":"https:\/\/www.sincomam.org.br\/index.php\/wp-json\/wp\/v2\/comments?post=19659"}],"version-history":[{"count":1,"href":"https:\/\/www.sincomam.org.br\/index.php\/wp-json\/wp\/v2\/posts\/19659\/revisions"}],"predecessor-version":[{"id":19660,"href":"https:\/\/www.sincomam.org.br\/index.php\/wp-json\/wp\/v2\/posts\/19659\/revisions\/19660"}],"wp:featuredmedia":[{"embeddable":true,"href":"https:\/\/www.sincomam.org.br\/index.php\/wp-json\/wp\/v2\/media\/18517"}],"wp:attachment":[{"href":"https:\/\/www.sincomam.org.br\/index.php\/wp-json\/wp\/v2\/media?parent=19659"}],"wp:term":[{"taxonomy":"category","embeddable":true,"href":"https:\/\/www.sincomam.org.br\/index.php\/wp-json\/wp\/v2\/categories?post=19659"},{"taxonomy":"post_tag","embeddable":true,"href":"https:\/\/www.sincomam.org.br\/index.php\/wp-json\/wp\/v2\/tags?post=19659"}],"curies":[{"name":"wp","href":"https:\/\/api.w.org\/{rel}","templated":true}]}}