{"id":19655,"date":"2016-06-01T00:00:41","date_gmt":"2016-06-01T03:00:41","guid":{"rendered":"http:\/\/www.sincomam.org.br\/?p=19655"},"modified":"2016-05-31T22:07:18","modified_gmt":"2016-06-01T01:07:18","slug":"governador-ricardo-coutinhopb-assina-ordem-de-servico-para-iluminacao-nautica-no-porto-de-cabedelo","status":"publish","type":"post","link":"https:\/\/www.sincomam.org.br\/index.php\/governador-ricardo-coutinhopb-assina-ordem-de-servico-para-iluminacao-nautica-no-porto-de-cabedelo\/","title":{"rendered":"Governador Ricardo Coutinho(PB) assina ordem de servi\u00e7o para ilumina\u00e7\u00e3o n\u00e1utica no Porto de Cabedelo"},"content":{"rendered":"<p>O governador Ricardo Coutinho assinou na noite do dia 28 de maio a ordem de servi\u00e7o para fornecimento e implanta\u00e7\u00e3o de novos equipamentos de sinaliza\u00e7\u00e3o n\u00e1utica e retirada dos equipamentos existentes do canal de acesso do Porto de Cabedelo.<\/p>\n<p>A presidente da Companhia Docas da Para\u00edba, Gilmara Tem\u00f3teo, tamb\u00e9m assinou a ordem de servi\u00e7o no valor de R$ 1,5 milh\u00e3o, de um total de R$ 2,9 milh\u00f5es, recursos do governo federal. A superintendente da Suplan, Simone Guimar\u00e3es, assinou como testemunha.<\/p>\n<p>Gilmara Tem\u00f3teo destacou a import\u00e2ncia da renova\u00e7\u00e3o de toda a sinaliza\u00e7\u00e3o n\u00e1utica. \u201c\u00c9 uma obra de fundamental import\u00e2ncia porque h\u00e1 dez anos o porto n\u00e3o opera \u00e0 noite e com a nova sinaliza\u00e7\u00e3o n\u00e1utica a Capitania dos Portos ir\u00e1 liberar para que a gente possa operar 24 horas\u201d.<\/p>\n<p>A ordem de servi\u00e7o foi autorizada durante a plen\u00e1ria do Or\u00e7amento Democr\u00e1tico Estadual realizada na Pra\u00e7a do Povo do Espa\u00e7o Cultural, em Jo\u00e3o Pessoa, com a participa\u00e7\u00e3o de mais de 4 mil pessoas e secret\u00e1rios de Estado, al\u00e9m da vice-governadora L\u00edgia Feliciano, sete deputados estaduais e o deputado federal Dami\u00e3o Feliciano.<\/p>\n<p>Fonte: Secom PB<\/p>\n","protected":false},"excerpt":{"rendered":"<p>O governador Ricardo Coutinho assinou na noite do dia 28 de maio a ordem de servi\u00e7o para fornecimento e implanta\u00e7\u00e3o de novos equipamentos de sinaliza\u00e7\u00e3o&#8230;<\/p>\n","protected":false},"author":1182,"featured_media":18972,"comment_status":"closed","ping_status":"closed","sticky":false,"template":"","format":"standard","meta":{"footnotes":""},"categories":[6],"tags":[],"class_list":["post-19655","post","type-post","status-publish","format-standard","has-post-thumbnail","hentry","category-noticias"],"_links":{"self":[{"href":"https:\/\/www.sincomam.org.br\/index.php\/wp-json\/wp\/v2\/posts\/19655","targetHints":{"allow":["GET"]}}],"collection":[{"href":"https:\/\/www.sincomam.org.br\/index.php\/wp-json\/wp\/v2\/posts"}],"about":[{"href":"https:\/\/www.sincomam.org.br\/index.php\/wp-json\/wp\/v2\/types\/post"}],"author":[{"embeddable":true,"href":"https:\/\/www.sincomam.org.br\/index.php\/wp-json\/wp\/v2\/users\/1182"}],"replies":[{"embeddable":true,"href":"https:\/\/www.sincomam.org.br\/index.php\/wp-json\/wp\/v2\/comments?post=19655"}],"version-history":[{"count":1,"href":"https:\/\/www.sincomam.org.br\/index.php\/wp-json\/wp\/v2\/posts\/19655\/revisions"}],"predecessor-version":[{"id":19656,"href":"https:\/\/www.sincomam.org.br\/index.php\/wp-json\/wp\/v2\/posts\/19655\/revisions\/19656"}],"wp:featuredmedia":[{"embeddable":true,"href":"https:\/\/www.sincomam.org.br\/index.php\/wp-json\/wp\/v2\/media\/18972"}],"wp:attachment":[{"href":"https:\/\/www.sincomam.org.br\/index.php\/wp-json\/wp\/v2\/media?parent=19655"}],"wp:term":[{"taxonomy":"category","embeddable":true,"href":"https:\/\/www.sincomam.org.br\/index.php\/wp-json\/wp\/v2\/categories?post=19655"},{"taxonomy":"post_tag","embeddable":true,"href":"https:\/\/www.sincomam.org.br\/index.php\/wp-json\/wp\/v2\/tags?post=19655"}],"curies":[{"name":"wp","href":"https:\/\/api.w.org\/{rel}","templated":true}]}}