{"id":19653,"date":"2016-06-08T01:20:25","date_gmt":"2016-06-08T04:20:25","guid":{"rendered":"http:\/\/www.sincomam.org.br\/?p=19653"},"modified":"2016-06-08T09:40:38","modified_gmt":"2016-06-08T12:40:38","slug":"comissao-debate-consequencias-do-marco-legal-do-pre-sal-sobre-companhias-e-profissionais","status":"publish","type":"post","link":"https:\/\/www.sincomam.org.br\/index.php\/comissao-debate-consequencias-do-marco-legal-do-pre-sal-sobre-companhias-e-profissionais\/","title":{"rendered":"Comiss\u00e3o debate consequ\u00eancias do marco legal do pr\u00e9-sal sobre companhias e profissionais"},"content":{"rendered":"<p>A Comiss\u00e3o Especial da Petrobras e Explora\u00e7\u00e3o do Pr\u00e9-Sal realiza audi\u00eancia p\u00fablica sobre a avalia\u00e7\u00e3o das consequ\u00eancias do atual marco legal do Pr\u00e9-Sal sobre o n\u00edvel de investimento das companhias petroleiras e sobre a demanda de profissionais na ind\u00fastria do petr\u00f3leo.<\/p>\n<p>A comiss\u00e3o discute o projeto que retira da Petrobras a obrigatoriedade de participar da extra\u00e7\u00e3o de petr\u00f3leo da camada pr\u00e9-sal (PL 4567\/16). Segundo a proposta, nas \u00e1reas estrat\u00e9gicas, a estatal ter\u00e1 que participar com 30% dos investimentos. O que n\u00e3o for considerado estrat\u00e9gico ser\u00e1 leiloado.<\/p>\n<p>Atualmente, a Lei 12.351\/10 determina que a Petrobras seja a operadora exclusiva de todas as atividades de explora\u00e7\u00e3o do pr\u00e9-sal, desde a avalia\u00e7\u00e3o dos po\u00e7os at\u00e9 a instala\u00e7\u00e3o e desativa\u00e7\u00e3o dos equipamentos de produ\u00e7\u00e3o.<\/p>\n<p>A reuni\u00e3o ser\u00e1 realizada atendendo a requerimento dos deputados Carlos Zarattini (PT-SP); Glauber Braga (PSOL-RJ); Jos\u00e9 Carlos Aleluia (DEM-BA) e Davidson Magalh\u00e3es (PCdoB-BA).<\/p>\n<p>Convidados<br \/>&#8211; o diretor de Rela\u00e7\u00f5es Institucionais da COPPE da Universidade Federal do Rio de Janeiro (UFRJ), Luis Pinguelli Rosa;\u00a0<br \/>&#8211; o professor do curso de Rela\u00e7\u00f5es Internacionais da Universidade Federal do ABC (UFABC), Igor Fuser; e<br \/>&#8211; o reitor da Universidade de Bras\u00edlia (UnB), Ivan Marques de Toledo Camargo.<\/p>\n<p>Fonte: Cenario MT<\/p>\n","protected":false},"excerpt":{"rendered":"<p>A Comiss\u00e3o Especial da Petrobras e Explora\u00e7\u00e3o do Pr\u00e9-Sal realiza audi\u00eancia p\u00fablica sobre a avalia\u00e7\u00e3o das consequ\u00eancias do atual marco legal do Pr\u00e9-Sal sobre o&#8230;<\/p>\n","protected":false},"author":1182,"featured_media":19555,"comment_status":"closed","ping_status":"closed","sticky":false,"template":"","format":"standard","meta":{"footnotes":""},"categories":[6],"tags":[],"class_list":["post-19653","post","type-post","status-publish","format-standard","has-post-thumbnail","hentry","category-noticias"],"_links":{"self":[{"href":"https:\/\/www.sincomam.org.br\/index.php\/wp-json\/wp\/v2\/posts\/19653","targetHints":{"allow":["GET"]}}],"collection":[{"href":"https:\/\/www.sincomam.org.br\/index.php\/wp-json\/wp\/v2\/posts"}],"about":[{"href":"https:\/\/www.sincomam.org.br\/index.php\/wp-json\/wp\/v2\/types\/post"}],"author":[{"embeddable":true,"href":"https:\/\/www.sincomam.org.br\/index.php\/wp-json\/wp\/v2\/users\/1182"}],"replies":[{"embeddable":true,"href":"https:\/\/www.sincomam.org.br\/index.php\/wp-json\/wp\/v2\/comments?post=19653"}],"version-history":[{"count":1,"href":"https:\/\/www.sincomam.org.br\/index.php\/wp-json\/wp\/v2\/posts\/19653\/revisions"}],"predecessor-version":[{"id":19654,"href":"https:\/\/www.sincomam.org.br\/index.php\/wp-json\/wp\/v2\/posts\/19653\/revisions\/19654"}],"wp:featuredmedia":[{"embeddable":true,"href":"https:\/\/www.sincomam.org.br\/index.php\/wp-json\/wp\/v2\/media\/19555"}],"wp:attachment":[{"href":"https:\/\/www.sincomam.org.br\/index.php\/wp-json\/wp\/v2\/media?parent=19653"}],"wp:term":[{"taxonomy":"category","embeddable":true,"href":"https:\/\/www.sincomam.org.br\/index.php\/wp-json\/wp\/v2\/categories?post=19653"},{"taxonomy":"post_tag","embeddable":true,"href":"https:\/\/www.sincomam.org.br\/index.php\/wp-json\/wp\/v2\/tags?post=19653"}],"curies":[{"name":"wp","href":"https:\/\/api.w.org\/{rel}","templated":true}]}}