{"id":19645,"date":"2016-05-31T02:02:03","date_gmt":"2016-05-31T05:02:03","guid":{"rendered":"http:\/\/www.sincomam.org.br\/?p=19645"},"modified":"2016-05-30T23:03:27","modified_gmt":"2016-05-31T02:03:27","slug":"embarque-deve-subir-12-nesta-safra-diz-consultoria","status":"publish","type":"post","link":"https:\/\/www.sincomam.org.br\/index.php\/embarque-deve-subir-12-nesta-safra-diz-consultoria\/","title":{"rendered":"Embarque deve subir 12% nesta safra, diz consultoria"},"content":{"rendered":"<p>A perspectiva de aumento da produ\u00e7\u00e3o de a\u00e7\u00facar no Centro-Sul e a escassez global da commodity prometem abrir alas para as exporta\u00e7\u00f5es brasileiras nesta safra. A consultoria Datagro estima que o Brasil exportar\u00e1 27 milh\u00f5es de toneladas de a\u00e7\u00facar na temporada atual (2016\/17), um crescimento de 12,5% sobre a temporada anterior, quando 24 milh\u00f5es de toneladas de a\u00e7\u00facar sa\u00edram do pa\u00eds.<\/p>\n<p>De acordo com Plinio Nastari, presidente da Datagro, a redu\u00e7\u00e3o da produ\u00e7\u00e3o no Sudeste Asi\u00e1tico tem colaborado para manter a demanda firme pelo a\u00e7\u00facar brasileiro (ver a reportagem Pa\u00edses da \u00c1sia v\u00eam ao Brasil buscar a\u00e7\u00facar)<\/p>\n<p>Al\u00e9m disso, tamb\u00e9m h\u00e1 possibilidade de a Europa importar a\u00e7\u00facar, ainda que em volume limitado, para recuperar seus n\u00edveis de estoques. A expectativa \u00e9 que a Comiss\u00e3o Europeia aprove um leil\u00e3o para permitir importa\u00e7\u00f5es de 300 mil a 400 mil toneladas.<\/p>\n<p>Mas o cen\u00e1rio para a participa\u00e7\u00e3o do Brasil no mercado internacional n\u00e3o \u00e9 de ascens\u00e3o cont\u00ednua. Ainda que a produ\u00e7\u00e3o da Tail\u00e2ndia n\u00e3o se recupere na pr\u00f3xima temporada, o pa\u00eds tem ampliado o plantio de cana-de-a\u00e7\u00facar sobre lavouras de arroz, o que dever\u00e1 aumentar a produ\u00e7\u00e3o no m\u00e9dio prazo. Esse incremento da produ\u00e7\u00e3o seria estimulado por subs\u00eddios, segundo o Brasil, o que levou o pa\u00eds a abrir uma reclama\u00e7\u00e3o contra a Tail\u00e2ndia na Organiza\u00e7\u00e3o Mundial do Com\u00e9rcio (OMC).<\/p>\n<p>O Brasil tamb\u00e9m deve perder mercado com o in\u00edcio da vig\u00eancia da Parceria Transpac\u00edfica (TPP), que prev\u00ea redu\u00e7\u00e3o de tarifas de importa\u00e7\u00e3o entre os 12 pa\u00edses signat\u00e1rios. &#8220;A Tail\u00e2ndia deve ter acesso preferencial a esses mercados, deslocando para si a exporta\u00e7\u00e3o do Brasil&#8221;, avaliou Nastari.<\/p>\n<p>Fonte: Valor Economico<\/p>\n","protected":false},"excerpt":{"rendered":"<p>A perspectiva de aumento da produ\u00e7\u00e3o de a\u00e7\u00facar no Centro-Sul e a escassez global da commodity prometem abrir alas para as exporta\u00e7\u00f5es brasileiras nesta safra&#8230;.<\/p>\n","protected":false},"author":1182,"featured_media":18045,"comment_status":"closed","ping_status":"closed","sticky":false,"template":"","format":"standard","meta":{"footnotes":""},"categories":[6],"tags":[],"class_list":["post-19645","post","type-post","status-publish","format-standard","has-post-thumbnail","hentry","category-noticias"],"_links":{"self":[{"href":"https:\/\/www.sincomam.org.br\/index.php\/wp-json\/wp\/v2\/posts\/19645","targetHints":{"allow":["GET"]}}],"collection":[{"href":"https:\/\/www.sincomam.org.br\/index.php\/wp-json\/wp\/v2\/posts"}],"about":[{"href":"https:\/\/www.sincomam.org.br\/index.php\/wp-json\/wp\/v2\/types\/post"}],"author":[{"embeddable":true,"href":"https:\/\/www.sincomam.org.br\/index.php\/wp-json\/wp\/v2\/users\/1182"}],"replies":[{"embeddable":true,"href":"https:\/\/www.sincomam.org.br\/index.php\/wp-json\/wp\/v2\/comments?post=19645"}],"version-history":[{"count":1,"href":"https:\/\/www.sincomam.org.br\/index.php\/wp-json\/wp\/v2\/posts\/19645\/revisions"}],"predecessor-version":[{"id":19646,"href":"https:\/\/www.sincomam.org.br\/index.php\/wp-json\/wp\/v2\/posts\/19645\/revisions\/19646"}],"wp:featuredmedia":[{"embeddable":true,"href":"https:\/\/www.sincomam.org.br\/index.php\/wp-json\/wp\/v2\/media\/18045"}],"wp:attachment":[{"href":"https:\/\/www.sincomam.org.br\/index.php\/wp-json\/wp\/v2\/media?parent=19645"}],"wp:term":[{"taxonomy":"category","embeddable":true,"href":"https:\/\/www.sincomam.org.br\/index.php\/wp-json\/wp\/v2\/categories?post=19645"},{"taxonomy":"post_tag","embeddable":true,"href":"https:\/\/www.sincomam.org.br\/index.php\/wp-json\/wp\/v2\/tags?post=19645"}],"curies":[{"name":"wp","href":"https:\/\/api.w.org\/{rel}","templated":true}]}}