{"id":19641,"date":"2016-05-31T00:40:46","date_gmt":"2016-05-31T03:40:46","guid":{"rendered":"http:\/\/www.sincomam.org.br\/?p=19641"},"modified":"2016-05-30T23:00:34","modified_gmt":"2016-05-31T02:00:34","slug":"industria-de-petroleo-ja-conta-com-novas-licitacoes-no-pre-sal-em-2017","status":"publish","type":"post","link":"https:\/\/www.sincomam.org.br\/index.php\/industria-de-petroleo-ja-conta-com-novas-licitacoes-no-pre-sal-em-2017\/","title":{"rendered":"Ind\u00fastria de petr\u00f3leo j\u00e1 conta com novas licita\u00e7\u00f5es no pr\u00e9-sal em 2017"},"content":{"rendered":"<p>A ind\u00fastria de petr\u00f3leo instalada no Brasil j\u00e1 considera fact\u00edvel o lan\u00e7amento de uma nova rodada de licita\u00e7\u00e3o de blocos explorat\u00f3rios no in\u00edcio de 2017. O presidente do Instituto Brasileiro de Petr\u00f3leo, G\u00e1s e Biocombust\u00edveis (IBP), Jorge Camargo, considera que a expectativa ganhou for\u00e7a ap\u00f3s o novo governo ter demonstrado interesse em aprovar rapidamente a libera\u00e7\u00e3o da Petrobras do papel de operadora \u00fanica da explora\u00e7\u00e3o das reservas do pr\u00e9-sal &#8211; a medida est\u00e1 em tramita\u00e7\u00e3o no Congresso Nacional.<\/p>\n<p>O presidente do instituto considera que o primeiro alvo da licita\u00e7\u00e3o deve ser as reservas que est\u00e3o interligadas com campos do pr\u00e9-sal leiloados no passado, mas que n\u00e3o podem ser exploradas por n\u00e3o fazerem parte dos atuais contratos. S\u00e3o as chamadas &#8220;\u00e1reas unitiz\u00e1veis&#8221;.<\/p>\n<p>&#8220;Essas \u00e1reas seriam licitadas sem obriga\u00e7\u00e3o da Petrobras ser operadora. Ela teria a op\u00e7\u00e3o, mas sem a obriga\u00e7\u00e3o. Portanto, abre a perspectiva de um leil\u00e3o no come\u00e7o do ano que vem&#8221;, disse Camargo ao Valor, que se reuniu na quarta-feira com o ministro de Minas e Energia, Fernando Coelho Filho.<\/p>\n<p>Com o fim da obriga\u00e7\u00e3o de atuar como operadora \u00fanica, a Petrobras tamb\u00e9m deixaria de assumir o m\u00ednimo de 30% de participa\u00e7\u00e3o nos cons\u00f3rcios e essa mesma propor\u00e7\u00e3o em investimentos nos projetos. O ajuste no marco aprovado no governo do ex-presidente Lula est\u00e1 previsto no projeto de lei de autoria do agora ministro das Rela\u00e7\u00f5es Exteriores, Jos\u00e9 Serra (PSDB-SP). A mudan\u00e7a na lei j\u00e1 passou pelo Senado e est\u00e1 sendo discutida na C\u00e2mara dos Deputados.<\/p>\n<p>O primeiro momento de entusiasmo do setor veio com o pronunciamento do presidente interino Michel Temer, no dia anterior ao encontro do presidente do IBP com o ministro.<\/p>\n<p>&#8220;Ficamos muito animados com o an\u00fancio que o presidente Temer fez ontem de colocar a libera\u00e7\u00e3o da Petrobras como operadora \u00fanica do pr\u00e9-sal j\u00e1 no primeiro pacote de medidas econ\u00f4micas. A posi\u00e7\u00e3o do governo em rela\u00e7\u00e3o a isso \u00e9 muito importante&#8221;, afirmou o presidente do IBP.<\/p>\n<p>Camargo disse que o ministro mostrou uma vis\u00e3o &#8220;muito clara&#8221; sobre o novo ciclo que o setor de \u00f3leo e g\u00e1s est\u00e1 vivendo no pa\u00eds. Segundo ele, h\u00e1 uma &#8220;grande converg\u00eancia dos atores&#8221;, que incluem governo, investidores e Petrobras, sobre o esgotamento do modelo em que o estado assume um maior protagonismo no setor.<\/p>\n<p>&#8220;Sa\u00edmos muitos satisfeitos com a postura do ministro que se mostrou muito aberto ao di\u00e1logo. Ele quer participar, quer se envolver abertamente&#8221;, disse o presidente do instituto. A entidade estima que a realiza\u00e7\u00e3o de nova rodada abre perspectiva de investimento de mais de US$ 100 bilh\u00f5es nos pr\u00f3ximos anos.<\/p>\n<p>Al\u00e9m do interesse de destravar investimentos, o governo cobi\u00e7a o retorno imediato para as contas p\u00fablicas havendo o recolhimento do b\u00f4nus de assinatura j\u00e1 no pr\u00f3ximo ano. Somente na licita\u00e7\u00e3o do campo de Libra, o governo recebeu R$ 15 bilh\u00f5es de b\u00f4nus de assinatura que foram pagos em 30 dias ap\u00f3s o leil\u00e3o. Este foi o primeiro e \u00fanico campo do pr\u00e9-sal ofertado pelo regime de partilha.<\/p>\n<p>Camargo explicou que somente as \u00e1reas unitiz\u00e1veis re\u00fanem reservas de petr\u00f3leo de 8 a 10 milh\u00f5es de barris a serem desenvolvidos. Segundo ele, os n\u00fameros s\u00e3o compar\u00e1veis ao volume registrado em Libra. &#8220;A dimens\u00e3o do projeto de Libra, comparada \u00e0 das \u00e1reas e das reservas que poderiam ser licitadas, \u00e9 da mesma ordem de grandeza, quanto ao volume de petr\u00f3leo a ser desenvolvido&#8221;, afirmou.<\/p>\n<p>O presidente do IBP ressaltou, no entanto, que os par\u00e2metros de c\u00e1lculo do b\u00f4nus de assinatura mudaram deste a licita\u00e7\u00e3o de Libra. Segundo ele, o c\u00e1lculo vai depender de &#8220;circunst\u00e2ncias conjunturais&#8221;, o que inclui o momento de baixa do pre\u00e7o internacional do petr\u00f3leo. Na pr\u00e1tica, as novas condi\u00e7\u00f5es devem puxar para baixo o b\u00f4nus de assinatura em rela\u00e7\u00e3o ao valor cobrado anteriormente.<\/p>\n<p>O executivo do IBP se diz satisfeito com o primeiro encontro com o ministro. &#8220;Na nossa opini\u00e3o, ele vai ter um papel fundamental de liderar essa transi\u00e7\u00e3o para a nova fase do setor, que vai ser mais diversificada, mais competitiva por conta dos pre\u00e7os do petr\u00f3leo estarem deprimidos&#8221;, afirmou Camargo. Segundo ele, o novo momento exigir\u00e1 que todas as petroleiras sejam mais competitivas, mas &#8220;certamente ser\u00e1 um ambiente mais saud\u00e1vel&#8221;, comentou.<\/p>\n<p>Outro assunto tratado com o ministro foi o ajuste nas exig\u00eancias de conte\u00fado local. &#8220;\u00c9 preciso fazer evoluir essa pol\u00edtica para que estimule mais investimentos em vez de ser um obst\u00e1culo nesse momento que a ind\u00fastria passa&#8221;, disse Camargo.<\/p>\n<p>A agenda do presidente do IBP em Bras\u00edlia incluiu uma visita ao ministro do Meio Ambiente, Jos\u00e9 Sarney Filho. &#8220;Buscamos uma ind\u00fastria que ajude o pa\u00eds a sair da recess\u00e3o, mas de forma sustent\u00e1vel. Queremos, sim, ter um licenciamento ambiental bem feito que n\u00e3o precisa ser t\u00e3o burocr\u00e1tico.&#8221;<\/p>\n<p>Fonte: Valor Economico<\/p>\n","protected":false},"excerpt":{"rendered":"<p>A ind\u00fastria de petr\u00f3leo instalada no Brasil j\u00e1 considera fact\u00edvel o lan\u00e7amento de uma nova rodada de licita\u00e7\u00e3o de blocos explorat\u00f3rios no in\u00edcio de 2017&#8230;.<\/p>\n","protected":false},"author":1182,"featured_media":18517,"comment_status":"closed","ping_status":"closed","sticky":false,"template":"","format":"standard","meta":{"footnotes":""},"categories":[6],"tags":[],"class_list":["post-19641","post","type-post","status-publish","format-standard","has-post-thumbnail","hentry","category-noticias"],"_links":{"self":[{"href":"https:\/\/www.sincomam.org.br\/index.php\/wp-json\/wp\/v2\/posts\/19641","targetHints":{"allow":["GET"]}}],"collection":[{"href":"https:\/\/www.sincomam.org.br\/index.php\/wp-json\/wp\/v2\/posts"}],"about":[{"href":"https:\/\/www.sincomam.org.br\/index.php\/wp-json\/wp\/v2\/types\/post"}],"author":[{"embeddable":true,"href":"https:\/\/www.sincomam.org.br\/index.php\/wp-json\/wp\/v2\/users\/1182"}],"replies":[{"embeddable":true,"href":"https:\/\/www.sincomam.org.br\/index.php\/wp-json\/wp\/v2\/comments?post=19641"}],"version-history":[{"count":1,"href":"https:\/\/www.sincomam.org.br\/index.php\/wp-json\/wp\/v2\/posts\/19641\/revisions"}],"predecessor-version":[{"id":19642,"href":"https:\/\/www.sincomam.org.br\/index.php\/wp-json\/wp\/v2\/posts\/19641\/revisions\/19642"}],"wp:featuredmedia":[{"embeddable":true,"href":"https:\/\/www.sincomam.org.br\/index.php\/wp-json\/wp\/v2\/media\/18517"}],"wp:attachment":[{"href":"https:\/\/www.sincomam.org.br\/index.php\/wp-json\/wp\/v2\/media?parent=19641"}],"wp:term":[{"taxonomy":"category","embeddable":true,"href":"https:\/\/www.sincomam.org.br\/index.php\/wp-json\/wp\/v2\/categories?post=19641"},{"taxonomy":"post_tag","embeddable":true,"href":"https:\/\/www.sincomam.org.br\/index.php\/wp-json\/wp\/v2\/tags?post=19641"}],"curies":[{"name":"wp","href":"https:\/\/api.w.org\/{rel}","templated":true}]}}