{"id":19639,"date":"2016-05-31T00:30:43","date_gmt":"2016-05-31T03:30:43","guid":{"rendered":"http:\/\/www.sincomam.org.br\/?p=19639"},"modified":"2016-05-30T22:59:30","modified_gmt":"2016-05-31T01:59:30","slug":"novo-cais-vai-desafogar-operacoes-no-porto-de-aratu","status":"publish","type":"post","link":"https:\/\/www.sincomam.org.br\/index.php\/novo-cais-vai-desafogar-operacoes-no-porto-de-aratu\/","title":{"rendered":"Novo cais vai desafogar opera\u00e7\u00f5es no Porto de Aratu"},"content":{"rendered":"<p>Uma das principais usu\u00e1rias do Porto de Aratu e empresa \u00e2ncora do Polo Industrial de Cama\u00e7ari, a Braskem se prepara para investir R$ 600 milh\u00f5es na amplia\u00e7\u00e3o da \u00e1rea para atraca\u00e7\u00e3o de embarca\u00e7\u00f5es e de armazenagem na Ba\u00eda de Aratu, al\u00e9m de preparar as linhas de produ\u00e7\u00e3o no polo para receber mat\u00e9ria-prima importada dos Estados Unidos.<\/p>\n<p>Segundo a Braskem, o projeto de constru\u00e7\u00e3o do novo cais para atraca\u00e7\u00e3o \u00e9 a sa\u00edda para garantir a continuidade das opera\u00e7\u00f5es no Polo de Cama\u00e7ari, importante gerador de emprego e renda da Bahia.<\/p>\n<p>Empresas buscam investimentos para melhorar Porto de Aratu; espera causa preju\u00edzos de US$ 517 mi<\/p>\n<p>A empresa pretende construir o cais na Prainha, em \u00e1rea ao lado do Porto de Aratu e a poucos metros de tubula\u00e7\u00f5es utilizadas para o transporte de produtos qu\u00edmicos em alta press\u00e3o. Para a implanta\u00e7\u00e3o do porto, est\u00e3o previstos investimentos de R$ 120 milh\u00f5es e a gera\u00e7\u00e3o de 200 empregos durante a fase de implanta\u00e7\u00e3o do projeto, que deve durar um ano, a partir da conclus\u00e3o do processo de licenciamento. Os outros R$ 380 milh\u00f5es ser\u00e3o divididos entre a amplia\u00e7\u00e3o da \u00e1rea para receber produtos qu\u00edmicos em Aratu e na moderniza\u00e7\u00e3o do polo.<\/p>\n<p>Nos pr\u00f3ximos dias 8 e 9 de junho, ser\u00e3o realizadas audi\u00eancias p\u00fablicas em Ilha de Mar\u00e9, como parte do processo de licenciamento do cais. O projeto \u201csegue as regulamenta\u00e7\u00f5es e normas vigentes, considerando as exig\u00eancias dos \u00f3rg\u00e3os p\u00fablicos envolvidos, tais como a Secretaria Especial de Portos (SEP), Codeba, a Ag\u00eancia Nacional de Transportes Aquavi\u00e1rios (Antaq), Marinha brasileira e o Ibama, al\u00e9m do governo do estado da Bahia\u201d, informa a empresa.<\/p>\n<p>A \u00e1rea \u00e9 considerada como prop\u00edcia \u00e0 expans\u00e3o da atividade portu\u00e1ria, ou para a implanta\u00e7\u00e3o de empreendimentos industriais, diz o coordenador de Acompanhamento de Infraestrutura da Casa Civil estadual, Eracy Lafuente. Segundo ele, a \u00e1rea \u00e9 tratada pelo governo estadual como de \u201cexpans\u00e3o\u201d para atividades do setor produtivo. \u201cO governo apoia o desenvolvimento econ\u00f4mico e vai analisar o uso da \u00e1rea nesta perspectiva\u201d, afirma, lembrando que a estrutura no entorno da \u00e1rea \u00e9 voltada para opera\u00e7\u00f5es da ind\u00fastria.<\/p>\n<p>Segundo o secret\u00e1rio do Meio Ambiente do Estado da Bahia, Eug\u00eanio Spengler, a responsabilidade pelo licenciamento ambiental do cais que est\u00e1 sendo proposto pela Braskem \u00e9 do Instituto Brasileiro do Meio Ambiente e Recursos Naturais (Ibama). Ele diz que o Inema, \u00f3rg\u00e3o estadual de licenciamento, manifestou-se a respeito do assunto no passado porque foi questionado. \u201cPelo plano diretor que existe para aquela \u00e1rea, ela n\u00e3o \u00e9 recomendada para o lazer. \u00c9 impr\u00f3pria, independente da implanta\u00e7\u00e3o, ou n\u00e3o, de um equipamento industrial ali\u201d, ressalta. \u201cO governo est\u00e1 conversando com empresas interessadas na amplia\u00e7\u00e3o das opera\u00e7\u00f5es no Porto de Aratu\u201d, disse. O parecer mais recente do Ibama indica que os estudos apresentados para o projeto s\u00e3o satisfat\u00f3rios.<\/p>\n<p>Fonte:Correio da Bahia<\/p>\n","protected":false},"excerpt":{"rendered":"<p>Uma das principais usu\u00e1rias do Porto de Aratu e empresa \u00e2ncora do Polo Industrial de Cama\u00e7ari, a Braskem se prepara para investir R$ 600 milh\u00f5es&#8230;<\/p>\n","protected":false},"author":1182,"featured_media":19134,"comment_status":"closed","ping_status":"closed","sticky":false,"template":"","format":"standard","meta":{"footnotes":""},"categories":[6],"tags":[],"class_list":["post-19639","post","type-post","status-publish","format-standard","has-post-thumbnail","hentry","category-noticias"],"_links":{"self":[{"href":"https:\/\/www.sincomam.org.br\/index.php\/wp-json\/wp\/v2\/posts\/19639","targetHints":{"allow":["GET"]}}],"collection":[{"href":"https:\/\/www.sincomam.org.br\/index.php\/wp-json\/wp\/v2\/posts"}],"about":[{"href":"https:\/\/www.sincomam.org.br\/index.php\/wp-json\/wp\/v2\/types\/post"}],"author":[{"embeddable":true,"href":"https:\/\/www.sincomam.org.br\/index.php\/wp-json\/wp\/v2\/users\/1182"}],"replies":[{"embeddable":true,"href":"https:\/\/www.sincomam.org.br\/index.php\/wp-json\/wp\/v2\/comments?post=19639"}],"version-history":[{"count":1,"href":"https:\/\/www.sincomam.org.br\/index.php\/wp-json\/wp\/v2\/posts\/19639\/revisions"}],"predecessor-version":[{"id":19640,"href":"https:\/\/www.sincomam.org.br\/index.php\/wp-json\/wp\/v2\/posts\/19639\/revisions\/19640"}],"wp:featuredmedia":[{"embeddable":true,"href":"https:\/\/www.sincomam.org.br\/index.php\/wp-json\/wp\/v2\/media\/19134"}],"wp:attachment":[{"href":"https:\/\/www.sincomam.org.br\/index.php\/wp-json\/wp\/v2\/media?parent=19639"}],"wp:term":[{"taxonomy":"category","embeddable":true,"href":"https:\/\/www.sincomam.org.br\/index.php\/wp-json\/wp\/v2\/categories?post=19639"},{"taxonomy":"post_tag","embeddable":true,"href":"https:\/\/www.sincomam.org.br\/index.php\/wp-json\/wp\/v2\/tags?post=19639"}],"curies":[{"name":"wp","href":"https:\/\/api.w.org\/{rel}","templated":true}]}}