{"id":19637,"date":"2016-05-31T00:15:07","date_gmt":"2016-05-31T03:15:07","guid":{"rendered":"http:\/\/www.sincomam.org.br\/?p=19637"},"modified":"2016-05-30T22:58:18","modified_gmt":"2016-05-31T01:58:18","slug":"petroleiros-marcam-paralisacao-de-24h-contra-governo-temer","status":"publish","type":"post","link":"https:\/\/www.sincomam.org.br\/index.php\/petroleiros-marcam-paralisacao-de-24h-contra-governo-temer\/","title":{"rendered":"Petroleiros marcam paralisa\u00e7\u00e3o de 24h contra governo Temer"},"content":{"rendered":"<p>Os petroleiros v\u00e3o cruzar os bra\u00e7os no pr\u00f3ximo dia 10 de junho. A Federa\u00e7\u00e3o \u00danica dos Petroleiros (FUP) decidiu parar por 24 horas em protesto<a href=\"http:\/\/www.exame.com.br\/topicos\/protestos-no-brasil\"><strong>\u00a0<\/strong><\/a>contra o governo do presidente da Rep\u00fablica em exerc\u00edcio, Michel\u00a0Temer.\u00a0<\/p>\n<p>A federa\u00e7\u00e3o cobre as principais unidades operacionais da Petrobras, como as plataformas da Bacia de Campos, onde s\u00e3o produzidos 80% do petr\u00f3leo brasileiro.<\/p>\n<div class=\"teads-inread sm-screen\">\n<div class=\"teads-ui-components-credits\"><\/div>\n<\/div>\n<p>&#8220;As representa\u00e7\u00f5es sindicais petroleiras, reunidas nesta segunda-feira, 30, no Conselho Deliberativo da FUP, alertaram para o risco iminente de perda de direitos e de grave retrocesso que a categoria j\u00e1 vive e que ser\u00e3o intensificados com as inten\u00e7\u00f5es de privatiza\u00e7\u00e3o da Petrobras e de entrega do pr\u00e9-Sal, reveladas por Michel Temer&#8221;, informou a FUP, em comunicado.<\/p>\n<p>Segundo os sindicalistas, com a nomea\u00e7\u00e3o de Pedro Parente na presid\u00eancia da Petrobras, que acontecer\u00e1 at\u00e9 a pr\u00f3xima quinta-feira, 2, &#8220;ser\u00e1 retomada a agenda de desmonte de direitos e de privatiza\u00e7\u00e3o iniciada por Fernando Henrique Cardoso nos anos 90, que foi estancada durante o governo Lula&#8221;.<\/p>\n<p>Fonte: Exame<\/p>\n","protected":false},"excerpt":{"rendered":"<p>Os petroleiros v\u00e3o cruzar os bra\u00e7os no pr\u00f3ximo dia 10 de junho. A Federa\u00e7\u00e3o \u00danica dos Petroleiros (FUP) decidiu parar por 24 horas em protesto\u00a0contra&#8230;<\/p>\n","protected":false},"author":1182,"featured_media":17937,"comment_status":"closed","ping_status":"closed","sticky":false,"template":"","format":"standard","meta":{"footnotes":""},"categories":[6],"tags":[],"class_list":["post-19637","post","type-post","status-publish","format-standard","has-post-thumbnail","hentry","category-noticias"],"_links":{"self":[{"href":"https:\/\/www.sincomam.org.br\/index.php\/wp-json\/wp\/v2\/posts\/19637","targetHints":{"allow":["GET"]}}],"collection":[{"href":"https:\/\/www.sincomam.org.br\/index.php\/wp-json\/wp\/v2\/posts"}],"about":[{"href":"https:\/\/www.sincomam.org.br\/index.php\/wp-json\/wp\/v2\/types\/post"}],"author":[{"embeddable":true,"href":"https:\/\/www.sincomam.org.br\/index.php\/wp-json\/wp\/v2\/users\/1182"}],"replies":[{"embeddable":true,"href":"https:\/\/www.sincomam.org.br\/index.php\/wp-json\/wp\/v2\/comments?post=19637"}],"version-history":[{"count":1,"href":"https:\/\/www.sincomam.org.br\/index.php\/wp-json\/wp\/v2\/posts\/19637\/revisions"}],"predecessor-version":[{"id":19638,"href":"https:\/\/www.sincomam.org.br\/index.php\/wp-json\/wp\/v2\/posts\/19637\/revisions\/19638"}],"wp:featuredmedia":[{"embeddable":true,"href":"https:\/\/www.sincomam.org.br\/index.php\/wp-json\/wp\/v2\/media\/17937"}],"wp:attachment":[{"href":"https:\/\/www.sincomam.org.br\/index.php\/wp-json\/wp\/v2\/media?parent=19637"}],"wp:term":[{"taxonomy":"category","embeddable":true,"href":"https:\/\/www.sincomam.org.br\/index.php\/wp-json\/wp\/v2\/categories?post=19637"},{"taxonomy":"post_tag","embeddable":true,"href":"https:\/\/www.sincomam.org.br\/index.php\/wp-json\/wp\/v2\/tags?post=19637"}],"curies":[{"name":"wp","href":"https:\/\/api.w.org\/{rel}","templated":true}]}}