{"id":19633,"date":"2016-05-31T00:20:11","date_gmt":"2016-05-31T03:20:11","guid":{"rendered":"http:\/\/www.sincomam.org.br\/?p=19633"},"modified":"2016-05-30T22:54:31","modified_gmt":"2016-05-31T01:54:31","slug":"apos-audio-ministro-da-transparencia-pede-demissao","status":"publish","type":"post","link":"https:\/\/www.sincomam.org.br\/index.php\/apos-audio-ministro-da-transparencia-pede-demissao\/","title":{"rendered":"Ap\u00f3s \u00e1udio, ministro da Transpar\u00eancia pede demiss\u00e3o"},"content":{"rendered":"<p>O ministro da Transpar\u00eancia, Fiscaliza\u00e7\u00e3o e Controle, Fabiano Silveira, enviou uma carta de demiss\u00e3o e telefonou na noite desta segunda-feira, 30, para o presidente em exerc\u00edcio, Michel Temer, e oficializou o seu pedido para deixar do cargo.\u00a0<\/p>\n<p>Temer, que at\u00e9 ent\u00e3o vinha afirmando que o manteria na pasta, acatou o pedido. O conte\u00fado da carta ainda n\u00e3o foi divulgado.<\/p>\n<p>A queda de Silveira acontece uma semana ap\u00f3s o afastamento de Romero Juc\u00e1 do minist\u00e9rio do Planejamento.\u00a0<\/p>\n<p>O ex-ministro tamb\u00e9m foi flagrado em \u00e1udios com o ex-presidente da Transpetro S\u00e9rgio Machado. Segundo interlocutores, Temer havia decidido at\u00e9 o momento tentar n\u00e3o ceder \u00e0 press\u00e3o para evitar um efeito cascata: &#8220;a cada cr\u00edtica ou den\u00fancia, uma queda&#8221;.<\/p>\n<p>Temer havia telefonado mais cedo para Silveira para dizer que o manteria no cargo. No entanto, a press\u00e3o de centenas de servidores que anunciaram que deixariam o cargo se ele permanecesse foi mais forte e pesou na decis\u00e3o do ministro.<\/p>\n<p>Para interlocutores que defendiam a manuten\u00e7\u00e3o de Silveira no governo os \u00e1udios divulgados &#8220;n\u00e3o s\u00e3o comprometedores&#8221;.\u00a0<\/p>\n<p>A perman\u00eancia de Silveira tamb\u00e9m agradaria o presidente do Senado, Renan Calheiros, que tamb\u00e9m foi flagrado nas conversas. A avalia\u00e7\u00e3o \u00e9 de que a queda de Silveira poderia enfraquecer diretamente Renan.<\/p>\n<p>No in\u00edcio da noite, Renan divulgou nota recha\u00e7ando sua influ\u00eancia no governo em exerc\u00edcio.<\/p>\n<p>&#8220;Em face das especula\u00e7\u00f5es, reitero de maneira p\u00fablica e oficial que n\u00e3o irei indicar, sugerir, endossar, recomendar e nem mesmo opinar sobre a escolha de autoridades no governo do Presidente Michel Temer&#8221;, afirmou.<\/p>\n<p><b>&#8220;Por enquanto&#8221;<\/b><\/p>\n<p>No in\u00edcio do dia, ap\u00f3s reuni\u00e3o com o ministro da Casa Civil, Eliseu Padilha, Temer havia decidido manter o ministro no cargo &#8220;por enquanto&#8221;, mas tinha deixado a ressalva de que poderia vir &#8220;uma segunda ordem&#8221;.\u00a0<\/p>\n<p>Desde cedo, interlocutores reconheciam que come\u00e7ar novamente uma semana &#8220;apagando inc\u00eandio&#8221; gerava um desgaste para Temer.\u00a0<\/p>\n<p>&#8220;O assunto dominante \u00e9 esse, vamos de novo come\u00e7ar a semana no improviso&#8221;, disse um assessor palaciano.<\/p>\n","protected":false},"excerpt":{"rendered":"<p>O ministro da Transpar\u00eancia, Fiscaliza\u00e7\u00e3o e Controle, Fabiano Silveira, enviou uma carta de demiss\u00e3o e telefonou na noite desta segunda-feira, 30, para o presidente em&#8230;<\/p>\n","protected":false},"author":1182,"featured_media":18070,"comment_status":"closed","ping_status":"closed","sticky":false,"template":"","format":"standard","meta":{"footnotes":""},"categories":[6],"tags":[],"class_list":["post-19633","post","type-post","status-publish","format-standard","has-post-thumbnail","hentry","category-noticias"],"_links":{"self":[{"href":"https:\/\/www.sincomam.org.br\/index.php\/wp-json\/wp\/v2\/posts\/19633","targetHints":{"allow":["GET"]}}],"collection":[{"href":"https:\/\/www.sincomam.org.br\/index.php\/wp-json\/wp\/v2\/posts"}],"about":[{"href":"https:\/\/www.sincomam.org.br\/index.php\/wp-json\/wp\/v2\/types\/post"}],"author":[{"embeddable":true,"href":"https:\/\/www.sincomam.org.br\/index.php\/wp-json\/wp\/v2\/users\/1182"}],"replies":[{"embeddable":true,"href":"https:\/\/www.sincomam.org.br\/index.php\/wp-json\/wp\/v2\/comments?post=19633"}],"version-history":[{"count":1,"href":"https:\/\/www.sincomam.org.br\/index.php\/wp-json\/wp\/v2\/posts\/19633\/revisions"}],"predecessor-version":[{"id":19634,"href":"https:\/\/www.sincomam.org.br\/index.php\/wp-json\/wp\/v2\/posts\/19633\/revisions\/19634"}],"wp:featuredmedia":[{"embeddable":true,"href":"https:\/\/www.sincomam.org.br\/index.php\/wp-json\/wp\/v2\/media\/18070"}],"wp:attachment":[{"href":"https:\/\/www.sincomam.org.br\/index.php\/wp-json\/wp\/v2\/media?parent=19633"}],"wp:term":[{"taxonomy":"category","embeddable":true,"href":"https:\/\/www.sincomam.org.br\/index.php\/wp-json\/wp\/v2\/categories?post=19633"},{"taxonomy":"post_tag","embeddable":true,"href":"https:\/\/www.sincomam.org.br\/index.php\/wp-json\/wp\/v2\/tags?post=19633"}],"curies":[{"name":"wp","href":"https:\/\/api.w.org\/{rel}","templated":true}]}}