{"id":19631,"date":"2016-05-31T00:01:19","date_gmt":"2016-05-31T03:01:19","guid":{"rendered":"http:\/\/www.sincomam.org.br\/?p=19631"},"modified":"2016-05-30T22:52:52","modified_gmt":"2016-05-31T01:52:52","slug":"no-amazonas-polo-naval-cresce-mas-nao-aparece","status":"publish","type":"post","link":"https:\/\/www.sincomam.org.br\/index.php\/no-amazonas-polo-naval-cresce-mas-nao-aparece\/","title":{"rendered":"No Amazonas, polo naval cresce, mas n\u00e3o aparece"},"content":{"rendered":"<p>Mesmo sem o t\u00e3o sonhado Polo Naval, negociado com o Estado h\u00e1 anos, o setor apresenta crescimento de cerca de 29,55%, no primeiro trimestre deste ano, em compara\u00e7\u00e3o ao mesmo per\u00edodo de 2015. A arrecada\u00e7\u00e3o do segmento alcan\u00e7ou um volume de US$ 16,77 milh\u00f5es em rela\u00e7\u00e3o ao ano anterior, quando alcan\u00e7ou apenas US$ 12,94 milh\u00f5es.<\/p>\n<p>Segundo o presidente do Sindicato da Ind\u00fastria Naval, Offshore e Reparos do Amazonas (Sindnaval), Mateus de Oliveira Ara\u00fajo, a ind\u00fastria naval de Manaus emprega um total de 8.572 postos de trabalho direito, e mais de 24 mil indiretos. E o segmento tem demanda para este ano de 90 navios para o mercado da soja na regi\u00e3o sudeste do pa\u00eds<\/p>\n<p>\u201cTemos uma demanda de seis a sete navios em andamento, para empresa privadas. Temos uma ind\u00fastria naval eficiente, embora tenhamos um parque que precisa de otimiza\u00e7\u00e3o, melhora. Precisamos otimizar o que j\u00e1 \u00e9 bom, em rela\u00e7\u00e3o ao financiamento\u201d, afirma o presidente do sindicato.<\/p>\n<p>De acordo com Ara\u00fajo, a ind\u00fastria naval est\u00e1 construindo os \u00faltimos navios para empresas privadas e alguns navios de sal, para o Rio Grande do Norte. \u201cApesar da crise, que o mercado como um todo sofre, um pouco por conta das incertezas, n\u00e3o temos sofrido como os outros segmentos que dependem diretamente de contratos com a Petrobras, como as ind\u00fastrias do sul do pa\u00eds, que muitas est\u00e3o fechando\u201d, observa.<\/p>\n<p>Segundo o presidente das ind\u00fastrias navais do AM, o polo naval de Manaus, apesar de ter se falado pelo atual governo que seria uma pol\u00edtica de implanta\u00e7\u00e3o da economia do Estado, o governo n\u00e3o mostra interesse no setor. \u201cO polo naval est\u00e1 amarrado nesse tronco das audi\u00eancias p\u00fablicas. Mas o governo, n\u00e3o sei de por for\u00e7as ocultas, ainda n\u00e3o fez as suas. O Sindnaval v\u00ea com desanimo o interesse governo no setor. Quando ele diz que as novas matrizes econ\u00f4micas ser\u00e3o a fruticultura e a monoculturas, ele d\u00e1 sinais desse desinteresse no setor naval\u201d, lamenta.<\/p>\n<p>De acordo com a Secretaria de Estado do Planejamento e Desenvolvimento Econ\u00f4mico, Ci\u00eancia Tecnologia e Inova\u00e7\u00e3o (Seplan-CTI), as decis\u00f5es est\u00e3o sendo tomadas pela secretaria em conjunto com a Procuradoria Geral do Estado (PGE), para reavaliar as possibilidades de responder as demandas da Justi\u00e7a. Segundo a secretaria, o projeto vai passar por uma nova avalia\u00e7\u00e3o, no \u00e2mbito da Justi\u00e7a, e da procuradoria.<\/p>\n<p>Em nota, a pasta informou que \u00e9 a respons\u00e1vel pelo projeto, cuja viabilidade segue em sob avalia\u00e7\u00e3o. Sobre os embargos da Justi\u00e7a, a Seplan-CTI diz que o Estado tem outros entendimentos sobre o caso, e que j\u00e1 foi exposto para os \u00f3rg\u00e3os competentes, mas n\u00e3o foram aceitos. \u201cVamos continuar nos articulando para que ele seja instalado, pois o projeto \u00e9 importante para este governo\u201d, afirma.<\/p>\n<p>Puraquequara<\/p>\n<p>Na \u00faltima segunda-feira (23), a Justi\u00e7a Federal no Amazonas manteve a suspens\u00e3o de todas as medidas referentes \u00e0 implanta\u00e7\u00e3o do polo naval no Estado do Amazonas, enquanto n\u00e3o houver a realiza\u00e7\u00e3o de consulta pr\u00e9via aos povos tradicionais da regi\u00e3o. At\u00e9 o ano passado, o Estado mostrava interesse de implementar o projeto na regi\u00e3o do Puraquequara, Zona Leste de Manaus, onde realizaria a constru\u00e7\u00e3o do polo e garantiria aos moradores das proximidades contrapartidas como prepara\u00e7\u00e3o para trabalhar no setor.<\/p>\n<p>Ind\u00fastria naval conta hoje no Amazonas com 8,5 mil oper\u00e1rios no emprego direto e mais de 24 mil indiretos \u2013 Foto: Arquivo EM TEMPO<\/p>\n<p>A suspens\u00e3o havia sido determinada em car\u00e1ter liminar, em maio de 2014, ap\u00f3s pedido do Minist\u00e9rio P\u00fablico Federal no Amazonas (MPF-AM) em a\u00e7\u00e3o civil p\u00fablica e foi confirmada com a senten\u00e7a judicial. A Justi\u00e7a tamb\u00e9m anulou decreto que declarou de utilidade p\u00fablica \u00e1reas do Puraquequara.<\/p>\n<p>Fonte: Em Tempo<\/p>\n","protected":false},"excerpt":{"rendered":"<p>Mesmo sem o t\u00e3o sonhado Polo Naval, negociado com o Estado h\u00e1 anos, o setor apresenta crescimento de cerca de 29,55%, no primeiro trimestre deste&#8230;<\/p>\n","protected":false},"author":1182,"featured_media":18913,"comment_status":"closed","ping_status":"closed","sticky":false,"template":"","format":"standard","meta":{"footnotes":""},"categories":[6],"tags":[],"class_list":["post-19631","post","type-post","status-publish","format-standard","has-post-thumbnail","hentry","category-noticias"],"_links":{"self":[{"href":"https:\/\/www.sincomam.org.br\/index.php\/wp-json\/wp\/v2\/posts\/19631","targetHints":{"allow":["GET"]}}],"collection":[{"href":"https:\/\/www.sincomam.org.br\/index.php\/wp-json\/wp\/v2\/posts"}],"about":[{"href":"https:\/\/www.sincomam.org.br\/index.php\/wp-json\/wp\/v2\/types\/post"}],"author":[{"embeddable":true,"href":"https:\/\/www.sincomam.org.br\/index.php\/wp-json\/wp\/v2\/users\/1182"}],"replies":[{"embeddable":true,"href":"https:\/\/www.sincomam.org.br\/index.php\/wp-json\/wp\/v2\/comments?post=19631"}],"version-history":[{"count":1,"href":"https:\/\/www.sincomam.org.br\/index.php\/wp-json\/wp\/v2\/posts\/19631\/revisions"}],"predecessor-version":[{"id":19632,"href":"https:\/\/www.sincomam.org.br\/index.php\/wp-json\/wp\/v2\/posts\/19631\/revisions\/19632"}],"wp:featuredmedia":[{"embeddable":true,"href":"https:\/\/www.sincomam.org.br\/index.php\/wp-json\/wp\/v2\/media\/18913"}],"wp:attachment":[{"href":"https:\/\/www.sincomam.org.br\/index.php\/wp-json\/wp\/v2\/media?parent=19631"}],"wp:term":[{"taxonomy":"category","embeddable":true,"href":"https:\/\/www.sincomam.org.br\/index.php\/wp-json\/wp\/v2\/categories?post=19631"},{"taxonomy":"post_tag","embeddable":true,"href":"https:\/\/www.sincomam.org.br\/index.php\/wp-json\/wp\/v2\/tags?post=19631"}],"curies":[{"name":"wp","href":"https:\/\/api.w.org\/{rel}","templated":true}]}}