{"id":19629,"date":"2016-05-31T00:00:34","date_gmt":"2016-05-31T03:00:34","guid":{"rendered":"http:\/\/www.sincomam.org.br\/?p=19629"},"modified":"2016-05-30T22:53:07","modified_gmt":"2016-05-31T01:53:07","slug":"filho-de-7-anos-de-temer-tem-r-2-milhoes-em-imoveis","status":"publish","type":"post","link":"https:\/\/www.sincomam.org.br\/index.php\/filho-de-7-anos-de-temer-tem-r-2-milhoes-em-imoveis\/","title":{"rendered":"Filho de 7 anos de Temer tem R$ 2 milh\u00f5es em im\u00f3veis"},"content":{"rendered":"<p>Aos 7 anos de idade, completados em 2 de maio, Michel Miguel Elias Temer Lulia Filho, mais conhecido como Michelzinho, \u00e9 propriet\u00e1rio de pelo menos dois im\u00f3veis cujos valores somados superam R$ 2 milh\u00f5es. O pai, Michel Miguel Elias Temer Lulia, de 75 anos, presidente em exerc\u00edcio da Rep\u00fablica, passou para o nome do \u00fanico herdeiro do seu casamento com Marcela Temer dois conjuntos comerciais que abrigam seu escrit\u00f3rio pol\u00edtico em S\u00e3o Paulo.<\/p>\n<p>Localizados no Edif\u00edcio Lugano, no Itaim-Bibi, zona sul da capital paulista, cada conjunto tem 196 m\u00b2 e valor venal de R$ 1.024.802, segundo a Prefeitura de S\u00e3o Paulo \u2013 os dados s\u00e3o p\u00fablicos e podem ser consultados na internet. O valor de mercado costuma ser de 20% a 40% mais alto do que o valor de refer\u00eancia usado pela Prefeitura para calcular o Imposto Predial e Territorial Urbano (IPTU).<\/p>\n<p>Mesmo assim, na declara\u00e7\u00e3o de bens que Temer apresentou \u00e0 Justi\u00e7a Eleitoral em 2014, cada conjunto \u00e9 avaliado em apenas R$ 190 mil. Isso \u00e9 comum nas declara\u00e7\u00f5es de pol\u00edticos, pois os im\u00f3veis costumam ser declarados pelo valor de quando foram comprados. A legisla\u00e7\u00e3o n\u00e3o obriga a atualiza\u00e7\u00e3o do valor<\/p>\n<div id=\"dv-586870\" class=\"imagem-corpo-noticia row\">\n<div class=\"col-xs-12\">\n<p><strong>Doa\u00e7\u00e3o.\u00a0<\/strong>A assessoria de imprensa de Temer informou que a transfer\u00eancia foi feita como doa\u00e7\u00e3o, uma esp\u00e9cie de antecipa\u00e7\u00e3o da heran\u00e7a, e que as filhas do presidente em exerc\u00edcio tamb\u00e9m j\u00e1 receberam im\u00f3veis em outros momentos. A assessoria n\u00e3o esclareceu quais im\u00f3veis foram doados para as filhas, nem em que data isso ocorreu.\u00a0<\/p>\n<\/div>\n<\/div>\n<p>Luciana, Maristela e Clarissa, fruto do primeiro casamento de Temer, s\u00e3o propriet\u00e1rias de im\u00f3veis residenciais na zona oeste de S\u00e3o Paulo, segundo a Prefeitura. A primeira tamb\u00e9m \u00e9 dona de um escrit\u00f3rio no mesmo pr\u00e9dio onde ficam os im\u00f3veis transferidos para seu irm\u00e3o.<\/p>\n<p><strong>Outros bens.\u00a0<\/strong>No caso da declara\u00e7\u00e3o de bens de Temer apresentada quando foi candidato a vice-presidente na chapa de Dilma Rousseff, a casa que possui na zona oeste de S\u00e3o Paulo tamb\u00e9m est\u00e1 subavaliada. Em 2014, o presidente em exerc\u00edcio declarou a resid\u00eancia de 415 m\u00b2 no Alto de Pinheiros, comprada em 1998, por R$ 722.977,41. Na Prefeitura, o valor venal \u00e9 de R$ 2.875,109. Sobre esse valor incide a cobran\u00e7a de IPTU.<\/p>\n<p>Se a casa e os dois conjuntos do Itaim-Bibi tivessem seu valor corrigido para pelo menos o valor venal, o patrim\u00f4nio declarado de Temer aumentaria em pelo menos R$ 3,6 milh\u00f5es e chegaria a um total de mais de R$ 11 milh\u00f5es. Isso n\u00e3o inclui outra casa, de R$ 1.434.558, no bairro do Pacaembu, pela qual ele responde a uma a\u00e7\u00e3o por n\u00e3o pagamento de IPTU, e que Temer diz ter vendido.<\/p>\n<p>O patrim\u00f4nio do presidente interino cresceu rapidamente desde 2006. Naquele ano, Temer foi candidato a deputado federal e declarou bens no valor de R$ 2.293.645,53. Se corrigido pelo IGP-M da Funda\u00e7\u00e3o Get\u00falio Vargas, eles corresponderiam, em 2014, a R$ 3.678.526,22. Por\u00e9m, seu patrim\u00f4nio declarado \u00e0 Justi\u00e7a Eleitoral em 2014 j\u00e1 havia crescido para R$ 7.521.799,27. Ou seja, mais do que dobrou acima da infla\u00e7\u00e3o entre duas elei\u00e7\u00f5es \u2013 e isso sem levar em conta a valoriza\u00e7\u00e3o dos im\u00f3veis.<\/p>\n<p>Fonte: O Estado de S\u00e3o Paulo<\/p>\n","protected":false},"excerpt":{"rendered":"<p>Aos 7 anos de idade, completados em 2 de maio, Michel Miguel Elias Temer Lulia Filho, mais conhecido como Michelzinho, \u00e9 propriet\u00e1rio de pelo menos&#8230;<\/p>\n","protected":false},"author":1182,"featured_media":17978,"comment_status":"closed","ping_status":"closed","sticky":false,"template":"","format":"standard","meta":{"footnotes":""},"categories":[6],"tags":[],"class_list":["post-19629","post","type-post","status-publish","format-standard","has-post-thumbnail","hentry","category-noticias"],"_links":{"self":[{"href":"https:\/\/www.sincomam.org.br\/index.php\/wp-json\/wp\/v2\/posts\/19629","targetHints":{"allow":["GET"]}}],"collection":[{"href":"https:\/\/www.sincomam.org.br\/index.php\/wp-json\/wp\/v2\/posts"}],"about":[{"href":"https:\/\/www.sincomam.org.br\/index.php\/wp-json\/wp\/v2\/types\/post"}],"author":[{"embeddable":true,"href":"https:\/\/www.sincomam.org.br\/index.php\/wp-json\/wp\/v2\/users\/1182"}],"replies":[{"embeddable":true,"href":"https:\/\/www.sincomam.org.br\/index.php\/wp-json\/wp\/v2\/comments?post=19629"}],"version-history":[{"count":1,"href":"https:\/\/www.sincomam.org.br\/index.php\/wp-json\/wp\/v2\/posts\/19629\/revisions"}],"predecessor-version":[{"id":19630,"href":"https:\/\/www.sincomam.org.br\/index.php\/wp-json\/wp\/v2\/posts\/19629\/revisions\/19630"}],"wp:featuredmedia":[{"embeddable":true,"href":"https:\/\/www.sincomam.org.br\/index.php\/wp-json\/wp\/v2\/media\/17978"}],"wp:attachment":[{"href":"https:\/\/www.sincomam.org.br\/index.php\/wp-json\/wp\/v2\/media?parent=19629"}],"wp:term":[{"taxonomy":"category","embeddable":true,"href":"https:\/\/www.sincomam.org.br\/index.php\/wp-json\/wp\/v2\/categories?post=19629"},{"taxonomy":"post_tag","embeddable":true,"href":"https:\/\/www.sincomam.org.br\/index.php\/wp-json\/wp\/v2\/tags?post=19629"}],"curies":[{"name":"wp","href":"https:\/\/api.w.org\/{rel}","templated":true}]}}