{"id":19627,"date":"2016-05-30T10:36:46","date_gmt":"2016-05-30T13:36:46","guid":{"rendered":"http:\/\/www.sincomam.org.br\/?p=19627"},"modified":"2016-05-30T10:36:46","modified_gmt":"2016-05-30T13:36:46","slug":"oms-alerta-para-falta-de-fundos-no-combate-ao-zika","status":"publish","type":"post","link":"https:\/\/www.sincomam.org.br\/index.php\/oms-alerta-para-falta-de-fundos-no-combate-ao-zika\/","title":{"rendered":"OMS alerta para falta de fundos no combate ao zika"},"content":{"rendered":"<div data-template-placeholder=\"content-placeholder\">\n<p>Apenas US$ 2 milh\u00f5es dos US$ 17 milh\u00f5es solicitados pela Organiza\u00e7\u00e3o Mundial da Sa\u00fade (OMS) para combater a epidemia\u00a0do zica\u00a0v\u00edrus no mundo foram doados pela comunidade internacional, segundo an\u00fancio divulgado nesta segunda-feira pela entidade.<\/p>\n<p>Em um relat\u00f3rio interino sobre o estado da emerg\u00eancia e a resposta mundial ao zika, a OMS lamenta a falta de dinheiro para combat\u00ea-la.<\/p>\n<p>No dia 1\u00ba de fevereiro deste ano, a entidade declarou que a epidemia de zika era uma emerg\u00eancia sanit\u00e1ria de alcance internacional e elaborou um plano para erradicar o v\u00edrus.<\/p>\n<p>O \u00f3rg\u00e3o solicitou US$ 17,7 milh\u00f5es, dos quais obteve US$ 2,3 milh\u00f5es, o que representa um rombo financeiro de US$ 15,3 milh\u00f5es.<\/p>\n<p>A OMS usou US$ 3,8 milh\u00f5es de seu fundo de conting\u00eancias para emerg\u00eancias, uma quantia que a comunidade internacional tamb\u00e9m ter\u00e1 que pagar.<\/p>\n<p>O continente americano foi a regi\u00e3o mais afetada, especialmente o Brasil, onde teve in\u00edcio a epidemia e onde estima-se que pode haver mais de um milh\u00e3o de pessoas contaminadas.<\/p>\n<p>A Organiza\u00e7\u00e3o Pan-Americana da Sa\u00fade (OPAS) solicitou US$ 8,1 milh\u00f5es para lutar contra a epidemia e s\u00f3 obteve US$ 1,6 milh\u00e3o, restando US$ 6,5 milh\u00f5es para arrecadar.<\/p>\n<p>Na regi\u00e3o latino-americana est\u00e3o 35 dos 60 pa\u00edses e territ\u00f3rios que detectaram transmiss\u00e3o local do v\u00edrus.<\/p>\n<p>A OMS assumiu que h\u00e1 &#8220;suficientes evid\u00eancias cient\u00edficas&#8221; que ligam o v\u00edrus com m\u00e1s-forma\u00e7\u00f5es fetais que produzem microcefalia e S\u00edndrome de Guillain-Barr\u00e9, uma disfun\u00e7\u00e3o neurol\u00f3gica que provoca paralisa\u00e7\u00e3o dos \u00f3rg\u00e3os, incluindo os pulm\u00f5es.<\/p>\n<p>&#8220;De forma geral, a OMS n\u00e3o v\u00ea uma queda da epidemia e a vigil\u00e2ncia deve permanecer&#8221;, especifica o relat\u00f3rio.<\/p>\n<p>Fonte: Exame<\/p>\n<div><\/div>\n<\/div>\n","protected":false},"excerpt":{"rendered":"<p>Apenas US$ 2 milh\u00f5es dos US$ 17 milh\u00f5es solicitados pela Organiza\u00e7\u00e3o Mundial da Sa\u00fade (OMS) para combater a epidemia\u00a0do zica\u00a0v\u00edrus no mundo foram doados pela&#8230;<\/p>\n","protected":false},"author":1182,"featured_media":17956,"comment_status":"closed","ping_status":"closed","sticky":false,"template":"","format":"standard","meta":{"footnotes":""},"categories":[6],"tags":[],"class_list":["post-19627","post","type-post","status-publish","format-standard","has-post-thumbnail","hentry","category-noticias"],"_links":{"self":[{"href":"https:\/\/www.sincomam.org.br\/index.php\/wp-json\/wp\/v2\/posts\/19627","targetHints":{"allow":["GET"]}}],"collection":[{"href":"https:\/\/www.sincomam.org.br\/index.php\/wp-json\/wp\/v2\/posts"}],"about":[{"href":"https:\/\/www.sincomam.org.br\/index.php\/wp-json\/wp\/v2\/types\/post"}],"author":[{"embeddable":true,"href":"https:\/\/www.sincomam.org.br\/index.php\/wp-json\/wp\/v2\/users\/1182"}],"replies":[{"embeddable":true,"href":"https:\/\/www.sincomam.org.br\/index.php\/wp-json\/wp\/v2\/comments?post=19627"}],"version-history":[{"count":1,"href":"https:\/\/www.sincomam.org.br\/index.php\/wp-json\/wp\/v2\/posts\/19627\/revisions"}],"predecessor-version":[{"id":19628,"href":"https:\/\/www.sincomam.org.br\/index.php\/wp-json\/wp\/v2\/posts\/19627\/revisions\/19628"}],"wp:featuredmedia":[{"embeddable":true,"href":"https:\/\/www.sincomam.org.br\/index.php\/wp-json\/wp\/v2\/media\/17956"}],"wp:attachment":[{"href":"https:\/\/www.sincomam.org.br\/index.php\/wp-json\/wp\/v2\/media?parent=19627"}],"wp:term":[{"taxonomy":"category","embeddable":true,"href":"https:\/\/www.sincomam.org.br\/index.php\/wp-json\/wp\/v2\/categories?post=19627"},{"taxonomy":"post_tag","embeddable":true,"href":"https:\/\/www.sincomam.org.br\/index.php\/wp-json\/wp\/v2\/tags?post=19627"}],"curies":[{"name":"wp","href":"https:\/\/api.w.org\/{rel}","templated":true}]}}