{"id":19625,"date":"2016-05-30T10:35:23","date_gmt":"2016-05-30T13:35:23","guid":{"rendered":"http:\/\/www.sincomam.org.br\/?p=19625"},"modified":"2016-05-30T10:37:31","modified_gmt":"2016-05-30T13:37:31","slug":"mulher-e-presa-por-racismo-em-bairro-nobre-do-rio","status":"publish","type":"post","link":"https:\/\/www.sincomam.org.br\/index.php\/mulher-e-presa-por-racismo-em-bairro-nobre-do-rio\/","title":{"rendered":"Mulher \u00e9 presa por racismo em bairro nobre do Rio"},"content":{"rendered":"<p>Uma mulher foi presa em flagrante por inj\u00faria racial\u00a0na noite de s\u00e1bado no Leblon, bairro nobre da zona sul do Rio. Conforme imagens da TV Globo, a mulher ofendeu um funcion\u00e1rio do supermercado Zona Sul, na Rua Dias Ferreira, uma das que mais concentram bares e restaurantes no bairro.<\/p>\n<p>Testemunhas afirmaram \u00e0 TV Globo que a mulher, cliente do supermercado, mandou o funcion\u00e1rio &#8220;voltar para a senzala&#8221; e &#8220;voltar para o quilombo&#8221; ap\u00f3s um desentendimento.\u00a0<\/p>\n<p>As imagens mostram a mulher se justificando, dizendo que &#8220;senzala&#8221; e &#8220;quilombo&#8221; s\u00e3o express\u00f5es que exaltariam a &#8220;ra\u00e7a negra&#8221;.<\/p>\n<p>De acordo com informa\u00e7\u00f5es da 14\u00aa Delegacia de Pol\u00edcia (DP), no Leblon, o nome da mulher \u00e9 Maria Francisca Alves de Souza, de 58 anos.\u00a0<\/p>\n<p>A assessoria de imprensa da Pol\u00edcia Civil informou ainda que o caso j\u00e1 foi encaminhado \u00e0 Justi\u00e7a.<\/p>\n<p>Fonte: Exame<\/p>\n","protected":false},"excerpt":{"rendered":"<p>Uma mulher foi presa em flagrante por inj\u00faria racial\u00a0na noite de s\u00e1bado no Leblon, bairro nobre da zona sul do Rio. Conforme imagens da TV&#8230;<\/p>\n","protected":false},"author":1182,"featured_media":17837,"comment_status":"closed","ping_status":"closed","sticky":false,"template":"","format":"standard","meta":{"footnotes":""},"categories":[6],"tags":[],"class_list":["post-19625","post","type-post","status-publish","format-standard","has-post-thumbnail","hentry","category-noticias"],"_links":{"self":[{"href":"https:\/\/www.sincomam.org.br\/index.php\/wp-json\/wp\/v2\/posts\/19625","targetHints":{"allow":["GET"]}}],"collection":[{"href":"https:\/\/www.sincomam.org.br\/index.php\/wp-json\/wp\/v2\/posts"}],"about":[{"href":"https:\/\/www.sincomam.org.br\/index.php\/wp-json\/wp\/v2\/types\/post"}],"author":[{"embeddable":true,"href":"https:\/\/www.sincomam.org.br\/index.php\/wp-json\/wp\/v2\/users\/1182"}],"replies":[{"embeddable":true,"href":"https:\/\/www.sincomam.org.br\/index.php\/wp-json\/wp\/v2\/comments?post=19625"}],"version-history":[{"count":1,"href":"https:\/\/www.sincomam.org.br\/index.php\/wp-json\/wp\/v2\/posts\/19625\/revisions"}],"predecessor-version":[{"id":19626,"href":"https:\/\/www.sincomam.org.br\/index.php\/wp-json\/wp\/v2\/posts\/19625\/revisions\/19626"}],"wp:featuredmedia":[{"embeddable":true,"href":"https:\/\/www.sincomam.org.br\/index.php\/wp-json\/wp\/v2\/media\/17837"}],"wp:attachment":[{"href":"https:\/\/www.sincomam.org.br\/index.php\/wp-json\/wp\/v2\/media?parent=19625"}],"wp:term":[{"taxonomy":"category","embeddable":true,"href":"https:\/\/www.sincomam.org.br\/index.php\/wp-json\/wp\/v2\/categories?post=19625"},{"taxonomy":"post_tag","embeddable":true,"href":"https:\/\/www.sincomam.org.br\/index.php\/wp-json\/wp\/v2\/tags?post=19625"}],"curies":[{"name":"wp","href":"https:\/\/api.w.org\/{rel}","templated":true}]}}