{"id":19621,"date":"2016-05-30T10:19:10","date_gmt":"2016-05-30T13:19:10","guid":{"rendered":"http:\/\/www.sincomam.org.br\/?p=19621"},"modified":"2016-05-30T10:19:10","modified_gmt":"2016-05-30T13:19:10","slug":"mercado-eleva-previsao-para-taxa-de-juros-neste-ano","status":"publish","type":"post","link":"https:\/\/www.sincomam.org.br\/index.php\/mercado-eleva-previsao-para-taxa-de-juros-neste-ano\/","title":{"rendered":"Mercado eleva previs\u00e3o para taxa de juros neste ano"},"content":{"rendered":"<p>Economistas de institui\u00e7\u00f5es financeiras elevaram a proje\u00e7\u00e3o para a taxa b\u00e1sica de juros\u00a0neste ano, reduziram a de 2017 e melhoraram as perspectivas para a economia ap\u00f3s o governo anunciar as primeiras medidas para reequilibrar as contas p\u00fablicas e receber aval para fechar o ano com d\u00e9ficit prim\u00e1rio de 170,5 bilh\u00f5es de reais.<\/p>\n<p>A proje\u00e7\u00e3o para a Selic ao fim deste ano passou a 12,88% na mediana das proje\u00e7\u00f5es, contra 12,75% anteriormente, de acordo com a pesquisa Focus\u00a0do Banco Central<b>\u00a0<\/b>divulgada nesta segunda-feira.<\/p>\n<p>A mediana das proje\u00e7\u00f5es para 2017 caiu a 11,25%, frente a 11,38% no levantamento anterior. A Selic permanece em 14,25% desde julho passado.<\/p>\n<p>O Top 5, grupo que mais acerta as proje\u00e7\u00f5es, v\u00ea a taxa a n\u00edveis mais altos &#8212; a 13,50 neste ano e a 12,00% no final de 2017.<\/p>\n<p>Na semana passada, o governo do presidente interino Michel Temer anunciou medidas que incluem limita\u00e7\u00e3o dos gastos p\u00fablicos e proibi\u00e7\u00e3o de eleva\u00e7\u00e3o de subs\u00eddios.\u00a0<\/p>\n<p>Pouco depois, Temer passou em seu primeiro teste efetivo do no Legislativo quando o Congresso Nacional aprovou a nova meta fiscal para este ano, garantindo ao governo espa\u00e7o para manter gastos or\u00e7ament\u00e1rios e fechar o ano com d\u00e9ficit prim\u00e1rio de 170,5 bilh\u00f5es de reais.<\/p>\n<p>Em rela\u00e7\u00e3o \u00e0 economia, os especialistas consultados veem agora uma contra\u00e7\u00e3o do Produto Interno Bruto (PIB) neste ano de 3,81%, contra queda de 3,83% anteriormente.\u00a0<\/p>\n<p>A estimativa de crescimento em 2017 passou a 0,55%, sobre 0,50%. Para a infla\u00e7\u00e3o, o Focus apontou alta na perspectiva para o avan\u00e7o do IPCA ao fim deste ano.\u00a0<\/p>\n<p>A infla\u00e7\u00e3o oficial \u00e9 estimada em 7,06%, contra 7,04% antes, acima do teto da meta do governo, de 4,5% com toler\u00e2ncia de 2 pontos percentuais.<\/p>\n<p>Sobre 2017, a proje\u00e7\u00e3o no levantamento com uma centena de economistas permaneceu em 5,50%, dentro da meta para o ano que vem, de 4,5%, com toler\u00e2ncia de 1,5 ponto.<\/p>\n<p>Fonte: Exame<\/p>\n","protected":false},"excerpt":{"rendered":"<p>Economistas de institui\u00e7\u00f5es financeiras elevaram a proje\u00e7\u00e3o para a taxa b\u00e1sica de juros\u00a0neste ano, reduziram a de 2017 e melhoraram as perspectivas para a economia&#8230;<\/p>\n","protected":false},"author":1182,"featured_media":18439,"comment_status":"closed","ping_status":"closed","sticky":false,"template":"","format":"standard","meta":{"footnotes":""},"categories":[6],"tags":[],"class_list":["post-19621","post","type-post","status-publish","format-standard","has-post-thumbnail","hentry","category-noticias"],"_links":{"self":[{"href":"https:\/\/www.sincomam.org.br\/index.php\/wp-json\/wp\/v2\/posts\/19621","targetHints":{"allow":["GET"]}}],"collection":[{"href":"https:\/\/www.sincomam.org.br\/index.php\/wp-json\/wp\/v2\/posts"}],"about":[{"href":"https:\/\/www.sincomam.org.br\/index.php\/wp-json\/wp\/v2\/types\/post"}],"author":[{"embeddable":true,"href":"https:\/\/www.sincomam.org.br\/index.php\/wp-json\/wp\/v2\/users\/1182"}],"replies":[{"embeddable":true,"href":"https:\/\/www.sincomam.org.br\/index.php\/wp-json\/wp\/v2\/comments?post=19621"}],"version-history":[{"count":1,"href":"https:\/\/www.sincomam.org.br\/index.php\/wp-json\/wp\/v2\/posts\/19621\/revisions"}],"predecessor-version":[{"id":19622,"href":"https:\/\/www.sincomam.org.br\/index.php\/wp-json\/wp\/v2\/posts\/19621\/revisions\/19622"}],"wp:featuredmedia":[{"embeddable":true,"href":"https:\/\/www.sincomam.org.br\/index.php\/wp-json\/wp\/v2\/media\/18439"}],"wp:attachment":[{"href":"https:\/\/www.sincomam.org.br\/index.php\/wp-json\/wp\/v2\/media?parent=19621"}],"wp:term":[{"taxonomy":"category","embeddable":true,"href":"https:\/\/www.sincomam.org.br\/index.php\/wp-json\/wp\/v2\/categories?post=19621"},{"taxonomy":"post_tag","embeddable":true,"href":"https:\/\/www.sincomam.org.br\/index.php\/wp-json\/wp\/v2\/tags?post=19621"}],"curies":[{"name":"wp","href":"https:\/\/api.w.org\/{rel}","templated":true}]}}