{"id":19615,"date":"2016-05-30T10:12:16","date_gmt":"2016-05-30T13:12:16","guid":{"rendered":"http:\/\/www.sincomam.org.br\/?p=19615"},"modified":"2016-05-30T10:12:16","modified_gmt":"2016-05-30T13:12:16","slug":"empresarios-do-setor-portuario-e-ministros-debatem-dragagem","status":"publish","type":"post","link":"https:\/\/www.sincomam.org.br\/index.php\/empresarios-do-setor-portuario-e-ministros-debatem-dragagem\/","title":{"rendered":"Empres\u00e1rios do setor portu\u00e1rio e ministros debatem dragagem"},"content":{"rendered":"<p>A dragagem do Porto de Santos pautou algumas reuni\u00f5es ministeriais nos \u00faltimos dias, em Bras\u00edlia. O assunto foi levado ao Distrito Federal por empres\u00e1rios do setor, que, preocupados com a redu\u00e7\u00e3o do calado no complexo mar\u00edtimo e suas consequ\u00eancias, procuraram os parlamentares da regi\u00e3o e come\u00e7aram os di\u00e1logos com representantes do Governo Federal, buscando resolver a quest\u00e3o da profundidade.<\/p>\n<p>Na \u00faltima ter\u00e7a-feira (24), o grupo de executivos esteve com o primeiro secret\u00e1rio da C\u00e2mara Federal, o deputado federal Beto Mansur (PRB-SP). \u201cA gente est\u00e1 com um problema e o assoreamento (a deposi\u00e7\u00e3o natural de sedimentos no canal, trazidos pelas correntezas) n\u00e3o espera. J\u00e1 tem navios maiores chegando. Os empres\u00e1rios fizeram grandes investimentos e est\u00e3o preocupados\u201d, afirmou.<\/p>\n<p>Mansur conta que o objetivo da comitiva \u00e9 formular uma proposta para dragagem, n\u00e3o s\u00f3 para Santos, mas para o Brasil, e analisar de que maneira isso pode ser feito.<\/p>\n<p>A quest\u00e3o foi levada ao ministro dos Transportes, Portos e Avia\u00e7\u00e3o Civil, Maur\u00edcio Quintella (PR). Mansur esteve reunido com ele ontem, para pedir uma solu\u00e7\u00e3o. \u201cEu ponderei essa situa\u00e7\u00e3o com o ministro, que se inteirou do problema e chamou sua assessoria\u201d, disse.<\/p>\n<p>O deputado Jo\u00e3o Paulo Tavares Papa (PSDB) tamb\u00e9m recebeu os empres\u00e1rios e os acompanhou em uma reuni\u00e3o com o secret\u00e1rio do Programa de Parcerias de Investimento (PPI), Moreira Franco. \u201cEles querem discutir uma agenda ampla, mas foi apenas uma primeira reuni\u00e3o\u201d, afirmou Papa. Segundo ele, ficou acordado que os executivos devem mandar, em breve, uma proposta e sugest\u00f5es para melhorar o setor.<\/p>\n<p>Mais for\u00e7a<\/p>\n<p>Tamb\u00e9m na ter\u00e7a-feira (24), o deputado federal Marcelo Squassoni (PRB) foi escolhido para ser um dos vice-l\u00edderes do Governo na C\u00e2mara dos Deputados. Na nova posi\u00e7\u00e3o, ele garante que vai ajudar na quest\u00e3o portu\u00e1ria. \u201cTemos poucos dias desta nova gest\u00e3o, mas a falta de um secret\u00e1rio atrasa todos os trabalhos. Vou cobrar o Governo para nomear o secret\u00e1rio de Portos. Vou pedir prioridade\u201d.<\/p>\n<p>Com a redu\u00e7\u00e3o ministerial, que levou a Secretaria de Portos (SEP) a ser incorporada ao novo Minist\u00e9rio dos Transportes, o setor ficou sem comando e v\u00e1rios projetos est\u00e3o atrasados. Um deles \u00e9 o in\u00edcio de um novo contrato de dragagem. A empresa vencedora da licita\u00e7\u00e3o, a EEL, aguarda a assinatura da ordem de servi\u00e7o para iniciar seus trabalhos.<\/p>\n<p>Enquanto as atividades da EEL n\u00e3o t\u00eam in\u00edcio, a sa\u00edda \u00e9 contar com contratos firmados pela Companhia Docas do Estado de S\u00e3o Paulo (Codesp). Mas um deles, o que cuida da dragagem de manuten\u00e7\u00e3o no canal de navega\u00e7\u00e3o e nas bacias de evolu\u00e7\u00e3o nos trechos 2, 3 e 4 do estu\u00e1rio (entre a Ponta da Praia e a Alemoa), foi encerrado e o servi\u00e7o, interrompido. A solu\u00e7\u00e3o proposta pela Codesp \u00e9 incluir o servi\u00e7o no contrato de dragagem do Trecho 1, que vai da Ponta da Praia at\u00e9 a Barra de Santos. A ideia ser\u00e1 apresentada ao Conselho de Administra\u00e7\u00e3o (Consad) da empresa.<\/p>\n<p>A falta de manuten\u00e7\u00e3o na profundidade nos trechos 2, 3 e 4 fez com que, na \u00e1rea onde est\u00e1 instalada a empresa Brasil Terminal Portu\u00e1rio (BTP), os navios tivessem reduzido o limite m\u00e1ximo de seu calado (a altura da parte do casco que fica submersa, que varia conforme o carregamento da embarca\u00e7\u00e3o). Com isso, os cargueiros s\u00e3o obrigados a navegar por esta regi\u00e3o com menos mercadorias, o que torna a opera\u00e7\u00e3o mais cara para importadores e exportadores.<\/p>\n<p>Fonte: A Tribuna<\/p>\n","protected":false},"excerpt":{"rendered":"<p>A dragagem do Porto de Santos pautou algumas reuni\u00f5es ministeriais nos \u00faltimos dias, em Bras\u00edlia. O assunto foi levado ao Distrito Federal por empres\u00e1rios do&#8230;<\/p>\n","protected":false},"author":1182,"featured_media":18514,"comment_status":"closed","ping_status":"closed","sticky":false,"template":"","format":"standard","meta":{"footnotes":""},"categories":[6],"tags":[],"class_list":["post-19615","post","type-post","status-publish","format-standard","has-post-thumbnail","hentry","category-noticias"],"_links":{"self":[{"href":"https:\/\/www.sincomam.org.br\/index.php\/wp-json\/wp\/v2\/posts\/19615","targetHints":{"allow":["GET"]}}],"collection":[{"href":"https:\/\/www.sincomam.org.br\/index.php\/wp-json\/wp\/v2\/posts"}],"about":[{"href":"https:\/\/www.sincomam.org.br\/index.php\/wp-json\/wp\/v2\/types\/post"}],"author":[{"embeddable":true,"href":"https:\/\/www.sincomam.org.br\/index.php\/wp-json\/wp\/v2\/users\/1182"}],"replies":[{"embeddable":true,"href":"https:\/\/www.sincomam.org.br\/index.php\/wp-json\/wp\/v2\/comments?post=19615"}],"version-history":[{"count":1,"href":"https:\/\/www.sincomam.org.br\/index.php\/wp-json\/wp\/v2\/posts\/19615\/revisions"}],"predecessor-version":[{"id":19616,"href":"https:\/\/www.sincomam.org.br\/index.php\/wp-json\/wp\/v2\/posts\/19615\/revisions\/19616"}],"wp:featuredmedia":[{"embeddable":true,"href":"https:\/\/www.sincomam.org.br\/index.php\/wp-json\/wp\/v2\/media\/18514"}],"wp:attachment":[{"href":"https:\/\/www.sincomam.org.br\/index.php\/wp-json\/wp\/v2\/media?parent=19615"}],"wp:term":[{"taxonomy":"category","embeddable":true,"href":"https:\/\/www.sincomam.org.br\/index.php\/wp-json\/wp\/v2\/categories?post=19615"},{"taxonomy":"post_tag","embeddable":true,"href":"https:\/\/www.sincomam.org.br\/index.php\/wp-json\/wp\/v2\/tags?post=19615"}],"curies":[{"name":"wp","href":"https:\/\/api.w.org\/{rel}","templated":true}]}}