{"id":19601,"date":"2016-05-27T10:08:58","date_gmt":"2016-05-27T13:08:58","guid":{"rendered":"http:\/\/www.sincomam.org.br\/?p=19601"},"modified":"2016-05-27T10:08:58","modified_gmt":"2016-05-27T13:08:58","slug":"porto-organizado-de-maceio-ganhara-novo-tracado","status":"publish","type":"post","link":"https:\/\/www.sincomam.org.br\/index.php\/porto-organizado-de-maceio-ganhara-novo-tracado\/","title":{"rendered":"Porto organizado de Macei\u00f3 ganhar\u00e1 novo tra\u00e7ado"},"content":{"rendered":"<p>A \u00e1rea do Porto de Macei\u00f3 receber\u00e1 um novo desenho. A audi\u00eancia p\u00fablica sobre a proposta da linha que delimita o porto organizado, chamado de poligonal, foi realizada no audit\u00f3rio da Administra\u00e7\u00e3o do Porto de Macei\u00f3 (APMC), na capital de Alagoas.<\/p>\n<p>A Secretaria de Portos do Minist\u00e9rio dos Transportes, Portos e Avia\u00e7\u00e3o Civil continua recebendo, por e-mail, sugest\u00f5es e coment\u00e1rios sobre o tema at\u00e9 16\/6. As contribui\u00e7\u00f5es da consulta p\u00fablica para o Porto de Macei\u00f3 dever\u00e3o ser enviadas para o endere\u00e7o eletr\u00f4nico poligonais.maceio@portosdobrasil.gov.br.<\/p>\n<p>A delimita\u00e7\u00e3o da \u00e1rea p\u00fablica do porto, pela linha chamada de poligonal, d\u00e1 seguran\u00e7a jur\u00eddica a potenciais investidores. Nesse sentido, a defini\u00e7\u00e3o abre caminho para investimentos em infraestrutura portu\u00e1ria na regi\u00e3o.<\/p>\n<p>A proposta do novo tra\u00e7ado e os elementos que a fundamentaram est\u00e3o no processo 00045.000635\/2016-66, cuja c\u00f3pia est\u00e1 dispon\u00edvel no site da Secretaria de Portos (www.portosdobrasil.gov.br) nos links Assuntos-Gest\u00e3o-Poligonais. As respostas devem ser divulgadas em 18\/7.<\/p>\n<p>Fonte: Minist\u00e9rio dos Transportes, Portos e Avia\u00e7\u00e3o Civil<\/p>\n","protected":false},"excerpt":{"rendered":"<p>A \u00e1rea do Porto de Macei\u00f3 receber\u00e1 um novo desenho. A audi\u00eancia p\u00fablica sobre a proposta da linha que delimita o porto organizado, chamado de&#8230;<\/p>\n","protected":false},"author":1182,"featured_media":19134,"comment_status":"closed","ping_status":"closed","sticky":false,"template":"","format":"standard","meta":{"footnotes":""},"categories":[6],"tags":[],"class_list":["post-19601","post","type-post","status-publish","format-standard","has-post-thumbnail","hentry","category-noticias"],"_links":{"self":[{"href":"https:\/\/www.sincomam.org.br\/index.php\/wp-json\/wp\/v2\/posts\/19601","targetHints":{"allow":["GET"]}}],"collection":[{"href":"https:\/\/www.sincomam.org.br\/index.php\/wp-json\/wp\/v2\/posts"}],"about":[{"href":"https:\/\/www.sincomam.org.br\/index.php\/wp-json\/wp\/v2\/types\/post"}],"author":[{"embeddable":true,"href":"https:\/\/www.sincomam.org.br\/index.php\/wp-json\/wp\/v2\/users\/1182"}],"replies":[{"embeddable":true,"href":"https:\/\/www.sincomam.org.br\/index.php\/wp-json\/wp\/v2\/comments?post=19601"}],"version-history":[{"count":1,"href":"https:\/\/www.sincomam.org.br\/index.php\/wp-json\/wp\/v2\/posts\/19601\/revisions"}],"predecessor-version":[{"id":19602,"href":"https:\/\/www.sincomam.org.br\/index.php\/wp-json\/wp\/v2\/posts\/19601\/revisions\/19602"}],"wp:featuredmedia":[{"embeddable":true,"href":"https:\/\/www.sincomam.org.br\/index.php\/wp-json\/wp\/v2\/media\/19134"}],"wp:attachment":[{"href":"https:\/\/www.sincomam.org.br\/index.php\/wp-json\/wp\/v2\/media?parent=19601"}],"wp:term":[{"taxonomy":"category","embeddable":true,"href":"https:\/\/www.sincomam.org.br\/index.php\/wp-json\/wp\/v2\/categories?post=19601"},{"taxonomy":"post_tag","embeddable":true,"href":"https:\/\/www.sincomam.org.br\/index.php\/wp-json\/wp\/v2\/tags?post=19601"}],"curies":[{"name":"wp","href":"https:\/\/api.w.org\/{rel}","templated":true}]}}