{"id":19599,"date":"2016-05-27T10:03:06","date_gmt":"2016-05-27T13:03:06","guid":{"rendered":"http:\/\/www.sincomam.org.br\/?p=19599"},"modified":"2016-05-27T10:03:06","modified_gmt":"2016-05-27T13:03:06","slug":"consumo-de-aco-laminado-na-america-latina-cai-17","status":"publish","type":"post","link":"https:\/\/www.sincomam.org.br\/index.php\/consumo-de-aco-laminado-na-america-latina-cai-17\/","title":{"rendered":"Consumo de a\u00e7o laminado na Am\u00e9rica Latina cai 17%"},"content":{"rendered":"<p>O consumo do a\u00e7o laminado na Am\u00e9rica Latina caiu 17% no primeiro trimestre na compara\u00e7\u00e3o anual, para 15,36 milh\u00f5es de toneladas. A produ\u00e7\u00e3o de a\u00e7o bruto, por sua vez, recuou 13% e a de laminados caiu 10% \u2014 respectivamente para 13,91 milh\u00f5es de toneladas e 12,37 milh\u00f5es de toneladas. Os dados s\u00e3o da Asociaci\u00f3n Latinoamericana del Acero (Alacero), que re\u00fane fabricantes na Am\u00e9rica Latina.<\/p>\n<p>A balan\u00e7a comercial se manteve deficit\u00e1ria, mesmo com a diminui\u00e7\u00e3o de 36% do d\u00e9ficit em toneladas sobre janeiro-mar\u00e7o de 2015. A Alacero diz que os n\u00fameros continuam a refletir \u201cdificuldades produtivas e financeiras para as empresas regionais\u201d.<\/p>\n<p>A Alacero destaca em seu relat\u00f3rio que o come\u00e7o de ano dif\u00edcil \u00e9 um reflexo \u201cdo fraco crescimento global e regional econ\u00f4mico, do menor desempenho das atividades industriais e dos efeitos adversos a sobrecapacidade global no mercado do a\u00e7o\u201d. Lembra, ainda, a deteriora\u00e7\u00e3o da \u201csitua\u00e7\u00e3o pol\u00edtica e econ\u00f4mica do Brasil, o principal produtor da regi\u00e3o\u201d.<\/p>\n<p>Fonte: Valor Econ\u00f4mico<\/p>\n","protected":false},"excerpt":{"rendered":"<p>O consumo do a\u00e7o laminado na Am\u00e9rica Latina caiu 17% no primeiro trimestre na compara\u00e7\u00e3o anual, para 15,36 milh\u00f5es de toneladas. A produ\u00e7\u00e3o de a\u00e7o&#8230;<\/p>\n","protected":false},"author":1182,"featured_media":18586,"comment_status":"closed","ping_status":"closed","sticky":false,"template":"","format":"standard","meta":{"footnotes":""},"categories":[6],"tags":[],"class_list":["post-19599","post","type-post","status-publish","format-standard","has-post-thumbnail","hentry","category-noticias"],"_links":{"self":[{"href":"https:\/\/www.sincomam.org.br\/index.php\/wp-json\/wp\/v2\/posts\/19599","targetHints":{"allow":["GET"]}}],"collection":[{"href":"https:\/\/www.sincomam.org.br\/index.php\/wp-json\/wp\/v2\/posts"}],"about":[{"href":"https:\/\/www.sincomam.org.br\/index.php\/wp-json\/wp\/v2\/types\/post"}],"author":[{"embeddable":true,"href":"https:\/\/www.sincomam.org.br\/index.php\/wp-json\/wp\/v2\/users\/1182"}],"replies":[{"embeddable":true,"href":"https:\/\/www.sincomam.org.br\/index.php\/wp-json\/wp\/v2\/comments?post=19599"}],"version-history":[{"count":1,"href":"https:\/\/www.sincomam.org.br\/index.php\/wp-json\/wp\/v2\/posts\/19599\/revisions"}],"predecessor-version":[{"id":19600,"href":"https:\/\/www.sincomam.org.br\/index.php\/wp-json\/wp\/v2\/posts\/19599\/revisions\/19600"}],"wp:featuredmedia":[{"embeddable":true,"href":"https:\/\/www.sincomam.org.br\/index.php\/wp-json\/wp\/v2\/media\/18586"}],"wp:attachment":[{"href":"https:\/\/www.sincomam.org.br\/index.php\/wp-json\/wp\/v2\/media?parent=19599"}],"wp:term":[{"taxonomy":"category","embeddable":true,"href":"https:\/\/www.sincomam.org.br\/index.php\/wp-json\/wp\/v2\/categories?post=19599"},{"taxonomy":"post_tag","embeddable":true,"href":"https:\/\/www.sincomam.org.br\/index.php\/wp-json\/wp\/v2\/tags?post=19599"}],"curies":[{"name":"wp","href":"https:\/\/api.w.org\/{rel}","templated":true}]}}