{"id":19562,"date":"2016-05-25T09:05:42","date_gmt":"2016-05-25T12:05:42","guid":{"rendered":"http:\/\/www.sincomam.org.br\/?p=19562"},"modified":"2016-05-25T09:34:19","modified_gmt":"2016-05-25T12:34:19","slug":"conferencia-da-onu-debate-protecao-dos-oceanos-e-qualidade-do-ar","status":"publish","type":"post","link":"https:\/\/www.sincomam.org.br\/index.php\/conferencia-da-onu-debate-protecao-dos-oceanos-e-qualidade-do-ar\/","title":{"rendered":"Confer\u00eancia da ONU debate prote\u00e7\u00e3o dos oceanos e qualidade do ar"},"content":{"rendered":"<p>Macacos caminham livremente em fila indiana no amplo gramado onde um elefante de ferro em tamanho natural surpreende o visitante que chega ao complexo da ONU em Nair\u00f3bi, no Qu\u00eania, para a Segunda Assembleia Ambiental das Na\u00e7\u00f5es Unidas (Unea), considerado o mais poderoso f\u00f3rum global de decis\u00f5es sobre temas ambientais.<\/p>\n<p>Daniela ChiarettiElefante de ferro nos jardins da ONU em Nair\u00f3bi, no Qu\u00eania, onde acontece nesta semana a confer\u00eancia ambiental global UNEA-2<br \/>Mais de mil delegados de 190 pa\u00edses, entre governos, empres\u00e1rios e ONGs, chegaram ao complexo da ONU em Gigiri para decidir, at\u00e9 o fim da semana, sobre 20 resolu\u00e7\u00f5es que abrangem de padr\u00f5es de qualidade do ar ao combate ao tr\u00e1fico ilegal de vida silvestre, a prote\u00e7\u00e3o dos ecossistemas dos desertos, passando pelo 1,3 bilh\u00e3o de toneladas de alimentos desperdi\u00e7adas todos os anos enquanto h\u00e1 800 milh\u00f5es de pessoas com fome no mundo.<\/p>\n<p>\u201cO momento de agir \u00e9 agora\u201d, recomendou Achim Steiner, h\u00e1 10 anos \u00e0 frente do Programa de Meio Ambiente das Na\u00e7\u00f5es Unidas, o Pnuma, que organiza a Unea-2, a segunda edi\u00e7\u00e3o da confer\u00eancia.<\/p>\n<p>Os temas em debate neste ano est\u00e3o emoldurados pela dimens\u00e3o ambiental da chamada Agenda 2030, os Objetivos de Desenvolvimento Sustent\u00e1vel e a rela\u00e7\u00e3o entre a sa\u00fade do ambiente e a sa\u00fade humana. A crise dos refugiados \u00e9 um dos t\u00f3picos. No gramado em frente ao complexo da ONU em Nair\u00f3bi, uma grande escultura de um polvo e outra, de uma baleia azul, ambas feitas de restos de sand\u00e1lias de pl\u00e1stico, indicam que a prote\u00e7\u00e3o dos oceanos ser\u00e1 outro tema central da reuni\u00e3o.<\/p>\n<p>\u201cTemos que tratar da elimina\u00e7\u00e3o da extrema pobreza em todo o mundo at\u00e9 2030\u201d, lembrou o presidente da Unea-2, Edgar Gutierrez-Espeleta, na abertura da confer\u00eancia.<\/p>\n<p>Fonte: Valor Econ\u00f4mico<\/p>\n","protected":false},"excerpt":{"rendered":"<p>Macacos caminham livremente em fila indiana no amplo gramado onde um elefante de ferro em tamanho natural surpreende o visitante que chega ao complexo da&#8230;<\/p>\n","protected":false},"author":1182,"featured_media":19134,"comment_status":"closed","ping_status":"closed","sticky":false,"template":"","format":"standard","meta":{"footnotes":""},"categories":[6],"tags":[],"class_list":["post-19562","post","type-post","status-publish","format-standard","has-post-thumbnail","hentry","category-noticias"],"_links":{"self":[{"href":"https:\/\/www.sincomam.org.br\/index.php\/wp-json\/wp\/v2\/posts\/19562","targetHints":{"allow":["GET"]}}],"collection":[{"href":"https:\/\/www.sincomam.org.br\/index.php\/wp-json\/wp\/v2\/posts"}],"about":[{"href":"https:\/\/www.sincomam.org.br\/index.php\/wp-json\/wp\/v2\/types\/post"}],"author":[{"embeddable":true,"href":"https:\/\/www.sincomam.org.br\/index.php\/wp-json\/wp\/v2\/users\/1182"}],"replies":[{"embeddable":true,"href":"https:\/\/www.sincomam.org.br\/index.php\/wp-json\/wp\/v2\/comments?post=19562"}],"version-history":[{"count":1,"href":"https:\/\/www.sincomam.org.br\/index.php\/wp-json\/wp\/v2\/posts\/19562\/revisions"}],"predecessor-version":[{"id":19563,"href":"https:\/\/www.sincomam.org.br\/index.php\/wp-json\/wp\/v2\/posts\/19562\/revisions\/19563"}],"wp:featuredmedia":[{"embeddable":true,"href":"https:\/\/www.sincomam.org.br\/index.php\/wp-json\/wp\/v2\/media\/19134"}],"wp:attachment":[{"href":"https:\/\/www.sincomam.org.br\/index.php\/wp-json\/wp\/v2\/media?parent=19562"}],"wp:term":[{"taxonomy":"category","embeddable":true,"href":"https:\/\/www.sincomam.org.br\/index.php\/wp-json\/wp\/v2\/categories?post=19562"},{"taxonomy":"post_tag","embeddable":true,"href":"https:\/\/www.sincomam.org.br\/index.php\/wp-json\/wp\/v2\/tags?post=19562"}],"curies":[{"name":"wp","href":"https:\/\/api.w.org\/{rel}","templated":true}]}}