{"id":19557,"date":"2016-05-25T09:01:32","date_gmt":"2016-05-25T12:01:32","guid":{"rendered":"http:\/\/www.sincomam.org.br\/?p=19557"},"modified":"2016-05-25T09:34:54","modified_gmt":"2016-05-25T12:34:54","slug":"exoneracao-de-juca-do-ministerio-do-planejamento-e-publicada","status":"publish","type":"post","link":"https:\/\/www.sincomam.org.br\/index.php\/exoneracao-de-juca-do-ministerio-do-planejamento-e-publicada\/","title":{"rendered":"Exonera\u00e7\u00e3o de Juc\u00e1 do Minist\u00e9rio do Planejamento \u00e9 publicada"},"content":{"rendered":"<div data-template-placeholder=\"content-placeholder\">\n<p>O Di\u00e1rio Oficial da Uni\u00e3o desta ter\u00e7a-feira, 24, traz a exonera\u00e7\u00e3o, a pedido, de Romero Juc\u00e1 (PMDB-RR) do cargo de ministro do\u00a0Planejamento.\u00a0<\/p>\n<p>Juc\u00e1 deixa o cargo depois da divulga\u00e7\u00e3o de conversas gravadas entre ele e o ex-presidente da Transpetro Sergio Machado. No di\u00e1logo, o peemedebista sugere um pacto para deter a Opera\u00e7\u00e3o Lava Jato\u00a0com o impeachment da presidente Dilma Rousseff (PT).<\/p>\n<p>Depois de sua passagem rel\u00e2mpago pelo minist\u00e9rio do governo Michel Temer, Juc\u00e1 retoma seu mandato de senador.<\/p>\n<p>Fonte: Exame<\/p>\n<div><\/div>\n<\/div>\n","protected":false},"excerpt":{"rendered":"<p>O Di\u00e1rio Oficial da Uni\u00e3o desta ter\u00e7a-feira, 24, traz a exonera\u00e7\u00e3o, a pedido, de Romero Juc\u00e1 (PMDB-RR) do cargo de ministro do\u00a0Planejamento.\u00a0 Juc\u00e1 deixa o&#8230;<\/p>\n","protected":false},"author":1182,"featured_media":19558,"comment_status":"closed","ping_status":"closed","sticky":false,"template":"","format":"standard","meta":{"footnotes":""},"categories":[6],"tags":[],"class_list":["post-19557","post","type-post","status-publish","format-standard","has-post-thumbnail","hentry","category-noticias"],"_links":{"self":[{"href":"https:\/\/www.sincomam.org.br\/index.php\/wp-json\/wp\/v2\/posts\/19557","targetHints":{"allow":["GET"]}}],"collection":[{"href":"https:\/\/www.sincomam.org.br\/index.php\/wp-json\/wp\/v2\/posts"}],"about":[{"href":"https:\/\/www.sincomam.org.br\/index.php\/wp-json\/wp\/v2\/types\/post"}],"author":[{"embeddable":true,"href":"https:\/\/www.sincomam.org.br\/index.php\/wp-json\/wp\/v2\/users\/1182"}],"replies":[{"embeddable":true,"href":"https:\/\/www.sincomam.org.br\/index.php\/wp-json\/wp\/v2\/comments?post=19557"}],"version-history":[{"count":1,"href":"https:\/\/www.sincomam.org.br\/index.php\/wp-json\/wp\/v2\/posts\/19557\/revisions"}],"predecessor-version":[{"id":19559,"href":"https:\/\/www.sincomam.org.br\/index.php\/wp-json\/wp\/v2\/posts\/19557\/revisions\/19559"}],"wp:featuredmedia":[{"embeddable":true,"href":"https:\/\/www.sincomam.org.br\/index.php\/wp-json\/wp\/v2\/media\/19558"}],"wp:attachment":[{"href":"https:\/\/www.sincomam.org.br\/index.php\/wp-json\/wp\/v2\/media?parent=19557"}],"wp:term":[{"taxonomy":"category","embeddable":true,"href":"https:\/\/www.sincomam.org.br\/index.php\/wp-json\/wp\/v2\/categories?post=19557"},{"taxonomy":"post_tag","embeddable":true,"href":"https:\/\/www.sincomam.org.br\/index.php\/wp-json\/wp\/v2\/tags?post=19557"}],"curies":[{"name":"wp","href":"https:\/\/api.w.org\/{rel}","templated":true}]}}