{"id":19541,"date":"2016-05-18T08:42:05","date_gmt":"2016-05-18T11:42:05","guid":{"rendered":"http:\/\/www.sincomam.org.br\/?p=19541"},"modified":"2016-05-18T08:47:18","modified_gmt":"2016-05-18T11:47:18","slug":"igp-m-chega-perto-de-11-em-12-meses","status":"publish","type":"post","link":"https:\/\/www.sincomam.org.br\/index.php\/igp-m-chega-perto-de-11-em-12-meses\/","title":{"rendered":"IGP-M chega perto de 11% em 12 meses"},"content":{"rendered":"<p>O \u00cdndice Geral de Pre\u00e7os &#8211; Mercado (IGP-M), tamb\u00e9m conhecido como infla\u00e7\u00e3o do aluguel, porque \u00e9 usado para reajustar a maioria dos contratos imobili\u00e1rios, subiu para 0,68% na segunda pr\u00e9via de maio, depois de avan\u00e7ar 0,30% no mesmo per\u00edodo de abril. Com isso, o indicador acumula alta de 10,93% em 12 meses e de 4%, no ano.<\/p>\n<div>\n<p>Segundo a Funda\u00e7\u00e3o Getulio Vargas (FGV), os tr\u00eas subitens que comp\u00f5em o c\u00e1lculo do IGP-M registraram avan\u00e7o de um m\u00eas para o outro. A infla\u00e7\u00e3o no atacado, medida pelo \u00cdndice de Pre\u00e7os ao Produtor Amplo (IPA), passou de 0,29% para 0,75%. A maior contribui\u00e7\u00e3o partiu dos alimentos in natura, cuja taxa subiu de 1,77% para 3,45%.<\/p>\n<p>O \u00cdndice de Pre\u00e7os ao Consumidor (IPC), que calcula os pre\u00e7os no varejo, registrou varia\u00e7\u00e3o de 0,65% na segunda pr\u00e9via de maio, ante 0,34% no mesmo per\u00edodo do m\u00eas anterior.\u00a0 A principal contribui\u00e7\u00e3o partiu do grupo sa\u00fade e cuidados pessoais, onde a taxa passou de 1,03% para 2,65%.<\/p>\n<p>Tamb\u00e9m usado para calcular o IGP-M, mas com peso menor, o \u00cdndice Nacional de Custo da Constru\u00e7\u00e3o (INCC) variou 0,28% na segunda pr\u00e9via de maio, depois de subir 0,26% no m\u00eas anterior. O \u00edndice relativo a materiais, equipamentos e servi\u00e7os registrou varia\u00e7\u00e3o de 0,08%. No m\u00eas anterior, a taxa foi de 0,20%.<\/p>\n<\/div>\n","protected":false},"excerpt":{"rendered":"<p>O \u00cdndice Geral de Pre\u00e7os &#8211; Mercado (IGP-M), tamb\u00e9m conhecido como infla\u00e7\u00e3o do aluguel, porque \u00e9 usado para reajustar a maioria dos contratos imobili\u00e1rios, subiu&#8230;<\/p>\n","protected":false},"author":1182,"featured_media":19010,"comment_status":"closed","ping_status":"closed","sticky":false,"template":"","format":"standard","meta":{"footnotes":""},"categories":[6],"tags":[],"class_list":["post-19541","post","type-post","status-publish","format-standard","has-post-thumbnail","hentry","category-noticias"],"_links":{"self":[{"href":"https:\/\/www.sincomam.org.br\/index.php\/wp-json\/wp\/v2\/posts\/19541","targetHints":{"allow":["GET"]}}],"collection":[{"href":"https:\/\/www.sincomam.org.br\/index.php\/wp-json\/wp\/v2\/posts"}],"about":[{"href":"https:\/\/www.sincomam.org.br\/index.php\/wp-json\/wp\/v2\/types\/post"}],"author":[{"embeddable":true,"href":"https:\/\/www.sincomam.org.br\/index.php\/wp-json\/wp\/v2\/users\/1182"}],"replies":[{"embeddable":true,"href":"https:\/\/www.sincomam.org.br\/index.php\/wp-json\/wp\/v2\/comments?post=19541"}],"version-history":[{"count":1,"href":"https:\/\/www.sincomam.org.br\/index.php\/wp-json\/wp\/v2\/posts\/19541\/revisions"}],"predecessor-version":[{"id":19542,"href":"https:\/\/www.sincomam.org.br\/index.php\/wp-json\/wp\/v2\/posts\/19541\/revisions\/19542"}],"wp:featuredmedia":[{"embeddable":true,"href":"https:\/\/www.sincomam.org.br\/index.php\/wp-json\/wp\/v2\/media\/19010"}],"wp:attachment":[{"href":"https:\/\/www.sincomam.org.br\/index.php\/wp-json\/wp\/v2\/media?parent=19541"}],"wp:term":[{"taxonomy":"category","embeddable":true,"href":"https:\/\/www.sincomam.org.br\/index.php\/wp-json\/wp\/v2\/categories?post=19541"},{"taxonomy":"post_tag","embeddable":true,"href":"https:\/\/www.sincomam.org.br\/index.php\/wp-json\/wp\/v2\/tags?post=19541"}],"curies":[{"name":"wp","href":"https:\/\/api.w.org\/{rel}","templated":true}]}}