{"id":19537,"date":"2016-05-18T08:00:52","date_gmt":"2016-05-18T11:00:52","guid":{"rendered":"http:\/\/www.sincomam.org.br\/?p=19537"},"modified":"2016-05-18T08:48:38","modified_gmt":"2016-05-18T11:48:38","slug":"ministro-quintella-toma-posse-no-ministerio-dos-transportes-portos-e-aviacao-civil","status":"publish","type":"post","link":"https:\/\/www.sincomam.org.br\/index.php\/ministro-quintella-toma-posse-no-ministerio-dos-transportes-portos-e-aviacao-civil\/","title":{"rendered":"Ministro Quintella toma posse no Minist\u00e9rio dos Transportes, Portos e Avia\u00e7\u00e3o Civil"},"content":{"rendered":"<p>Tomou posse o ministro Maur\u00edcio Quintella Lessa no comando do Minist\u00e9rio dos Transportes, Portos e Avia\u00e7\u00e3o Civil. O novo ministro deixa o exerc\u00edcio de mandato de deputado federal para assumir o cargo no governo do presidente em exercicio Michel Temer. Quintella \u00e9 natural de Macei\u00f3, Alagoas<\/p>\n<p>Fonte: Secretaria de Portos<\/p>\n","protected":false},"excerpt":{"rendered":"<p>Tomou posse o ministro Maur\u00edcio Quintella Lessa no comando do Minist\u00e9rio dos Transportes, Portos e Avia\u00e7\u00e3o Civil. O novo ministro deixa o exerc\u00edcio de mandato&#8230;<\/p>\n","protected":false},"author":1182,"featured_media":19504,"comment_status":"closed","ping_status":"closed","sticky":false,"template":"","format":"standard","meta":{"footnotes":""},"categories":[6],"tags":[],"class_list":["post-19537","post","type-post","status-publish","format-standard","has-post-thumbnail","hentry","category-noticias"],"_links":{"self":[{"href":"https:\/\/www.sincomam.org.br\/index.php\/wp-json\/wp\/v2\/posts\/19537","targetHints":{"allow":["GET"]}}],"collection":[{"href":"https:\/\/www.sincomam.org.br\/index.php\/wp-json\/wp\/v2\/posts"}],"about":[{"href":"https:\/\/www.sincomam.org.br\/index.php\/wp-json\/wp\/v2\/types\/post"}],"author":[{"embeddable":true,"href":"https:\/\/www.sincomam.org.br\/index.php\/wp-json\/wp\/v2\/users\/1182"}],"replies":[{"embeddable":true,"href":"https:\/\/www.sincomam.org.br\/index.php\/wp-json\/wp\/v2\/comments?post=19537"}],"version-history":[{"count":1,"href":"https:\/\/www.sincomam.org.br\/index.php\/wp-json\/wp\/v2\/posts\/19537\/revisions"}],"predecessor-version":[{"id":19538,"href":"https:\/\/www.sincomam.org.br\/index.php\/wp-json\/wp\/v2\/posts\/19537\/revisions\/19538"}],"wp:featuredmedia":[{"embeddable":true,"href":"https:\/\/www.sincomam.org.br\/index.php\/wp-json\/wp\/v2\/media\/19504"}],"wp:attachment":[{"href":"https:\/\/www.sincomam.org.br\/index.php\/wp-json\/wp\/v2\/media?parent=19537"}],"wp:term":[{"taxonomy":"category","embeddable":true,"href":"https:\/\/www.sincomam.org.br\/index.php\/wp-json\/wp\/v2\/categories?post=19537"},{"taxonomy":"post_tag","embeddable":true,"href":"https:\/\/www.sincomam.org.br\/index.php\/wp-json\/wp\/v2\/tags?post=19537"}],"curies":[{"name":"wp","href":"https:\/\/api.w.org\/{rel}","templated":true}]}}